{"id":100396,"date":"2022-06-09T19:21:43","date_gmt":"2022-06-10T00:21:43","guid":{"rendered":"http:\/\/formalprision.com\/?p=100396"},"modified":"2022-06-10T18:37:57","modified_gmt":"2022-06-10T23:37:57","slug":"vuelve-el-garden-fest-al-parque-de-la-paz-este-domingo-12-de-junio","status":"publish","type":"post","link":"https:\/\/formalprision.com\/?p=100396","title":{"rendered":"Vuelve el Garden Fest al Parque de la Paz, este domingo 12 de junio"},"content":{"rendered":"\n<p>M\u00c9RIDA.- Con m\u00e1s de 80 expositores se realizar\u00e1 la nueva edici\u00f3n del Garden Fest este domingo 12 de junio, en un horario de 8 de la ma\u00f1ana a 4 de la tarde, en el Parque de la Paz.<\/p>\n\n\n\n<p>En el evento habr\u00e1 venta de maculis, flores del desierto, coronas de cristo, cactus, suculentas, arboles frutales, locales, citr\u00edcos, todo tipo de plantas y artesan\u00edas de la regi\u00f3n.<\/p>\n\n\n\n<p>Tambi\u00e9n habr\u00e1 antojitos y dulces de la regi\u00f3n que acompa\u00f1ar\u00e1n a los m\u00e1s de 80 expositores que estar\u00e1n presentes.<\/p>\n\n\n\n<p>Tambi\u00e9n se realizar\u00e1 la acostumbrada t\u00f3mbola, donde la gente podr\u00e1 participar al adquirir alguna planta o productos del evento y ganar premios como fertilizantes, adornos, macetas, plantas, entre otros.<\/p>\n\n\n\n<p>Los organizadores de la Garden Fest se\u00f1alaron que este tipo de eventos se realiza desde hace m\u00e1s de cuatro a\u00f1os, pero por la pandemia fueron suspendidos hasta que en este 2022 se volvieron a reanudar, con m\u00e1s innovaciones.<\/p>\n\n\n\n<p>Mencionaron que este evento busca apoyar a los productores yucatecos de plantas, y se han sumado decenas de participantes con el paso del tiempo.<\/p>\n\n\n\n<p>Adem\u00e1s de la venta de plantas y artesan\u00edas, tambi\u00e9n se imparten pl\u00e1ticas, se venden insumos, decoraciones y todo lo necesario para el jard\u00edn.<\/p>\n\n\n\n<p>A fin de que se mantenga como un evento seguro, se pide a la gente que lleve bien puesto el cubrebocas y sanee continuamente sus manos.<\/p>\n","protected":false},"excerpt":{"rendered":"<p>M\u00c9RIDA.- Con m\u00e1s de 80 expositores se realizar\u00e1 la nueva edici\u00f3n del Garden Fest este domingo 12 de junio, en un horario de 8 de la ma\u00f1ana a 4 de<\/p>\n","protected":false},"author":2,"featured_media":100398,"comment_status":"open","ping_status":"open","sticky":false,"template":"","format":"standard","meta":{"jetpack_post_was_ever_published":false,"_jetpack_newsletter_access":"","_jetpack_dont_email_post_to_subs":false,"_jetpack_newsletter_tier_id":0,"_jetpack_memberships_contains_paywalled_content":false,"_jetpack_memberships_contains_paid_content":false,"footnotes":"","jetpack_publicize_message":"El Garden Fest se realizar\u00e1 este domingo 12 de junio en el Parque de la Paz, de 8 de la ma\u00f1ana a 4 de la tarde.","jetpack_publicize_feature_enabled":true,"jetpack_social_post_already_shared":true,"jetpack_social_options":{"image_generator_settings":{"template":"highway","default_image_id":0,"font":"","enabled":false},"version":2}},"categories":[14],"tags":[],"class_list":["post-100396","post","type-post","status-publish","format-standard","has-post-thumbnail","hentry","category-merida"],"jetpack_publicize_connections":[],"jetpack_featured_media_url":"https:\/\/formalprision.com\/wp-content\/uploads\/2022\/06\/WhatsApp-Image-2022-06-09-at-6.39.42-PM-1.jpeg","jetpack_sharing_enabled":true,"jetpack_shortlink":"https:\/\/wp.me\/p6id8p-q7i","_links":{"self":[{"href":"https:\/\/formalprision.com\/index.php?rest_route=\/wp\/v2\/posts\/100396","targetHints":{"allow":["GET"]}}],"collection":[{"href":"https:\/\/formalprision.com\/index.php?rest_route=\/wp\/v2\/posts"}],"about":[{"href":"https:\/\/formalprision.com\/index.php?rest_route=\/wp\/v2\/types\/post"}],"author":[{"embeddable":true,"href":"https:\/\/formalprision.com\/index.php?rest_route=\/wp\/v2\/users\/2"}],"replies":[{"embeddable":true,"href":"https:\/\/formalprision.com\/index.php?rest_route=%2Fwp%2Fv2%2Fcomments&post=100396"}],"version-history":[{"count":0,"href":"https:\/\/formalprision.com\/index.php?rest_route=\/wp\/v2\/posts\/100396\/revisions"}],"wp:featuredmedia":[{"embeddable":true,"href":"https:\/\/formalprision.com\/index.php?rest_route=\/wp\/v2\/media\/100398"}],"wp:attachment":[{"href":"https:\/\/formalprision.com\/index.php?rest_route=%2Fwp%2Fv2%2Fmedia&parent=100396"}],"wp:term":[{"taxonomy":"category","embeddable":true,"href":"https:\/\/formalprision.com\/index.php?rest_route=%2Fwp%2Fv2%2Fcategories&post=100396"},{"taxonomy":"post_tag","embeddable":true,"href":"https:\/\/formalprision.com\/index.php?rest_route=%2Fwp%2Fv2%2Ftags&post=100396"}],"curies":[{"name":"wp","href":"https:\/\/api.w.org\/{rel}","templated":true}]}}