{"id":100402,"date":"2022-06-09T21:43:06","date_gmt":"2022-06-10T02:43:06","guid":{"rendered":"http:\/\/formalprision.com\/?p=100402"},"modified":"2022-06-09T21:43:06","modified_gmt":"2022-06-10T02:43:06","slug":"ediciones-2023-y-2024-del-smart-city-expo-latam-congress-seran-en-yucatan","status":"publish","type":"post","link":"https:\/\/formalprision.com\/?p=100402","title":{"rendered":"Ediciones 2023 y 2024 del Smart City Expo Latam Congress ser\u00e1n en Yucat\u00e1n"},"content":{"rendered":"\n<p>M\u00e9rida, Yucat\u00e1n, 9 de junio de 2022.- Por la capacidad de sus gobernantes y l\u00edderes para transformar su territorio, desde la tecnolog\u00eda y la innovaci\u00f3n, las ediciones 2023 y 2024 de Smart City Expo Latam Congress tendr\u00e1n nuevamente como sede a Yucat\u00e1n, anunci\u00f3 Manuel Redondo Peralta, presidente de FIRA Barcelona M\u00e9xico.<\/p>\n\n\n\n<p>Durante la clausura del encuentro, que reuni\u00f3 a 300 speakers, 102 alcaldes y m\u00e1s de 92,000 participantes, de 326 ciudades en 30 pa\u00edses, el gobernador Mauricio Vila Dosal y Redondo Peralta, con Ricard Zapatero Camps, CEO de FIRA Barcelona International; Pilar Conesa Santamar\u00eda, curadora de los Smart City Expo World y Latam Congress,&nbsp; firmaron el convenio de colaboraci\u00f3n para que la entidad albergue las versiones siguientes.<\/p>\n\n\n\n<p>En el acto, Redondo Peralta destac\u00f3 que el organismo que dirige se caracteriza por elegir adecuadamente a los escenarios de todo el mundo donde efect\u00faan sus actividades, por lo que se aseguran de compartir la visi\u00f3n de que estos sean gobernados por l\u00edderes que, aut\u00e9nticamente, est\u00e9n transformando sus territorios.<\/p>\n\n\n\n<p>A lo largo de 3 d\u00edas del congreso, los participantes pudieron experimentar el estilo de vida de una Ciudad Inteligente; \u00e1reas como el Barrio Antiguo, donde pasearon en bicicleta; el Smart \u00c1gora, zona de intercambio de ideas y pensamientos; Smart Meeting Zone, donde los negocios y el networking son realidad; espacios urbanos que conviven con la realidad virtual; los Pabellones Alianza Yucat\u00e1n y de Movilidad, as\u00ed como cafeter\u00edas y venta de artesan\u00edas.<\/p>\n\n\n\n<p>Cont\u00f3 con personalidades de talla internacional en la materia, como Carlos Moreno, de la Universidad Sorbona; Andrea Ch\u00e1zaro, de la Organizaci\u00f3n de Naciones Unidas (ONU) Mujeres; Beatriz Slooten, del Banco Interamericano; \u00c1lvaro Porcuna, director de Getxo, y Adriana Molano, del Centro Latinoamerican de Digital para el Desarrollo.<\/p>\n\n\n\n<p>Tambi\u00e9n, Abraham Echazarreta, de la Secretar\u00eda T\u00e9cnica de Planeaci\u00f3n y Evaluaci\u00f3n (Seplan); Alby Bocanegra, de Global City Partnerships; Elkin Vel\u00e1squez, de ONU Habitat; Jaime Ra\u00fal Oropeza, de Citelum M\u00e9xico; Elsi Gabriela Gonz\u00e1lez, de la Universidad Modelo; Eugene Zapata, de Resilient Cities Network, y Elena Estavillo, del Centro i para la Sociedad del Futuro, entre muchas m\u00e1s.<\/p>\n\n\n\n<p>Igual, firmas de alcance nacional y global, como IMS-Ad Sales Partner, AWS, Aecom, GISnet, Kiwi Networks, Tan Tan, Furukawa Electric, Honey Well, Presagis y Kauli Digital y Geomekingta; otras de movilidad, entre las que destacan Ualabee, Mobility ADO, Bambu Mobile y Little Pay; del sector financiero, Mastercard, Pact Capital y Global Code; del energ\u00e9tico, Citelum, Signify, Veolia o SunPower form Maxeon Solar Technologies, y del de infraestructura, Hamable.<\/p>\n\n\n\n<p>Los participantes estuvieron inmersos en sesiones y talleres, con tem\u00e1ticas acerca de movilidad en ciudades inteligentes, gobierno abierto y digitalizaci\u00f3n de servicios, resiliencia urbana desde el hogar y transformaci\u00f3n de espacios urbanos, a partir de emociones y el arte.<\/p>\n\n\n\n<p>Finalmente, Conesa Santamar\u00eda record\u00f3 que estas jornadas reunieron a&nbsp;300 expositores, 102 ediles y m\u00e1s de 92,000 participantes, provenientes de 326 urbes en 30 naciones, y agreg\u00f3 que, del 14 al 16 de junio, se podr\u00e1 revivir las sesiones de la semana, a trav\u00e9s de las plataformas virtuales de Smart City Expo Latam Congress.<\/p>\n","protected":false},"excerpt":{"rendered":"<p>M\u00e9rida, Yucat\u00e1n, 9 de junio de 2022.- Por la capacidad de sus gobernantes y l\u00edderes para transformar su territorio, desde la tecnolog\u00eda y la innovaci\u00f3n, las ediciones 2023 y 2024<\/p>\n","protected":false},"author":1,"featured_media":100403,"comment_status":"open","ping_status":"open","sticky":false,"template":"","format":"standard","meta":{"jetpack_post_was_ever_published":false,"_jetpack_newsletter_access":"","_jetpack_dont_email_post_to_subs":false,"_jetpack_newsletter_tier_id":0,"_jetpack_memberships_contains_paywalled_content":false,"_jetpack_memberships_contains_paid_content":false,"footnotes":"","jetpack_publicize_message":"Mauricio Vila  particip\u00f3 en la clausura del encuentro internacional, que cont\u00f3 con la presencia de 205 empresas e instituciones.","jetpack_publicize_feature_enabled":true,"jetpack_social_post_already_shared":true,"jetpack_social_options":{"image_generator_settings":{"template":"highway","default_image_id":0,"font":"","enabled":false},"version":2}},"categories":[17],"tags":[],"class_list":["post-100402","post","type-post","status-publish","format-standard","has-post-thumbnail","hentry","category-politica-y-gobierno"],"jetpack_publicize_connections":[],"jetpack_featured_media_url":"https:\/\/formalprision.com\/wp-content\/uploads\/2022\/06\/0003-6.jpg","jetpack_sharing_enabled":true,"jetpack_shortlink":"https:\/\/wp.me\/p6id8p-q7o","_links":{"self":[{"href":"https:\/\/formalprision.com\/index.php?rest_route=\/wp\/v2\/posts\/100402","targetHints":{"allow":["GET"]}}],"collection":[{"href":"https:\/\/formalprision.com\/index.php?rest_route=\/wp\/v2\/posts"}],"about":[{"href":"https:\/\/formalprision.com\/index.php?rest_route=\/wp\/v2\/types\/post"}],"author":[{"embeddable":true,"href":"https:\/\/formalprision.com\/index.php?rest_route=\/wp\/v2\/users\/1"}],"replies":[{"embeddable":true,"href":"https:\/\/formalprision.com\/index.php?rest_route=%2Fwp%2Fv2%2Fcomments&post=100402"}],"version-history":[{"count":0,"href":"https:\/\/formalprision.com\/index.php?rest_route=\/wp\/v2\/posts\/100402\/revisions"}],"wp:featuredmedia":[{"embeddable":true,"href":"https:\/\/formalprision.com\/index.php?rest_route=\/wp\/v2\/media\/100403"}],"wp:attachment":[{"href":"https:\/\/formalprision.com\/index.php?rest_route=%2Fwp%2Fv2%2Fmedia&parent=100402"}],"wp:term":[{"taxonomy":"category","embeddable":true,"href":"https:\/\/formalprision.com\/index.php?rest_route=%2Fwp%2Fv2%2Fcategories&post=100402"},{"taxonomy":"post_tag","embeddable":true,"href":"https:\/\/formalprision.com\/index.php?rest_route=%2Fwp%2Fv2%2Ftags&post=100402"}],"curies":[{"name":"wp","href":"https:\/\/api.w.org\/{rel}","templated":true}]}}