{"id":100408,"date":"2022-06-10T08:44:08","date_gmt":"2022-06-10T13:44:08","guid":{"rendered":"http:\/\/formalprision.com\/?p=100408"},"modified":"2022-06-10T10:40:43","modified_gmt":"2022-06-10T15:40:43","slug":"por-violar-a-menores-de-edad-envian-al-penal-a-la-flaca-y-don-beto","status":"publish","type":"post","link":"https:\/\/formalprision.com\/?p=100408","title":{"rendered":"Por violar a menores de edad, env\u00edan al penal a La Flaca y Don Beto"},"content":{"rendered":"\n<p>M\u00c9RIDA.- Agentes de la Polic\u00eda Estatal de Investigaci\u00f3n (PEI), en coordinaci\u00f3n con la Fiscal\u00eda General del Estado (FGE), capturaron a dos sujetos imputados por violaci\u00f3n contra menores de edad.<\/p>\n\n\n\n<p>En el primer caso, A Pedro Pablo M.C. alias \u201cLa Flaca\u201d, de 40 a\u00f1os de edad, se le sigue proceso penal por el delito de violaci\u00f3n equiparada agravada, contra una menor de quien es t\u00edo pol\u00edtico.<\/p>\n\n\n\n<p>Los hechos ocurrieron desde 2016, cuando la v\u00edctima ten\u00eda 11 a\u00f1os de edad, hasta 2021 en que le revel\u00f3 a sus padres los abusos que sufr\u00eda en su domicilio de Celest\u00fan.<\/p>\n\n\n\n<p>Los agentes investigadores ejecutaron la orden de aprehensi\u00f3n y pusieron al individuo a disposici\u00f3n del Juez que lo requiere.<\/p>\n\n\n\n<p>En otro caso, los agentes y fiscales investigadores de la SSP y la FGE, aprehendieron a Alberto B.P., alias \u201cDon Beto\u201d, de 58 a\u00f1os, de oficio tornero, acusado de violaci\u00f3n equiparada agravada contra su hijastra, una menor de 13 a\u00f1os, en el municipio de Buctzotz.<\/p>\n","protected":false},"excerpt":{"rendered":"<p>M\u00c9RIDA.- Agentes de la Polic\u00eda Estatal de Investigaci\u00f3n (PEI), en coordinaci\u00f3n con la Fiscal\u00eda General del Estado (FGE), capturaron a dos sujetos imputados por violaci\u00f3n contra menores de edad. En<\/p>\n","protected":false},"author":2,"featured_media":100410,"comment_status":"open","ping_status":"open","sticky":false,"template":"","format":"standard","meta":{"jetpack_post_was_ever_published":false,"_jetpack_newsletter_access":"","_jetpack_dont_email_post_to_subs":false,"_jetpack_newsletter_tier_id":0,"_jetpack_memberships_contains_paywalled_content":false,"_jetpack_memberships_contains_paid_content":false,"footnotes":"","jetpack_publicize_message":"Uno abus\u00f3 de su sobrino pol\u00edtico en el puerto de Celest\u00fan y el otro de su hijastra, en Buctzotz.","jetpack_publicize_feature_enabled":true,"jetpack_social_post_already_shared":true,"jetpack_social_options":{"image_generator_settings":{"template":"highway","default_image_id":0,"font":"","enabled":false},"version":2}},"categories":[54],"tags":[],"class_list":["post-100408","post","type-post","status-publish","format-standard","has-post-thumbnail","hentry","category-yucatan"],"jetpack_publicize_connections":[],"jetpack_featured_media_url":"https:\/\/formalprision.com\/wp-content\/uploads\/2022\/06\/WhatsApp-Image-2022-06-10-at-8.26.55-AM.jpeg","jetpack_sharing_enabled":true,"jetpack_shortlink":"https:\/\/wp.me\/p6id8p-q7u","_links":{"self":[{"href":"https:\/\/formalprision.com\/index.php?rest_route=\/wp\/v2\/posts\/100408","targetHints":{"allow":["GET"]}}],"collection":[{"href":"https:\/\/formalprision.com\/index.php?rest_route=\/wp\/v2\/posts"}],"about":[{"href":"https:\/\/formalprision.com\/index.php?rest_route=\/wp\/v2\/types\/post"}],"author":[{"embeddable":true,"href":"https:\/\/formalprision.com\/index.php?rest_route=\/wp\/v2\/users\/2"}],"replies":[{"embeddable":true,"href":"https:\/\/formalprision.com\/index.php?rest_route=%2Fwp%2Fv2%2Fcomments&post=100408"}],"version-history":[{"count":0,"href":"https:\/\/formalprision.com\/index.php?rest_route=\/wp\/v2\/posts\/100408\/revisions"}],"wp:featuredmedia":[{"embeddable":true,"href":"https:\/\/formalprision.com\/index.php?rest_route=\/wp\/v2\/media\/100410"}],"wp:attachment":[{"href":"https:\/\/formalprision.com\/index.php?rest_route=%2Fwp%2Fv2%2Fmedia&parent=100408"}],"wp:term":[{"taxonomy":"category","embeddable":true,"href":"https:\/\/formalprision.com\/index.php?rest_route=%2Fwp%2Fv2%2Fcategories&post=100408"},{"taxonomy":"post_tag","embeddable":true,"href":"https:\/\/formalprision.com\/index.php?rest_route=%2Fwp%2Fv2%2Ftags&post=100408"}],"curies":[{"name":"wp","href":"https:\/\/api.w.org\/{rel}","templated":true}]}}