{"id":100431,"date":"2022-06-11T11:29:35","date_gmt":"2022-06-11T16:29:35","guid":{"rendered":"http:\/\/formalprision.com\/?p=100431"},"modified":"2022-06-11T17:24:24","modified_gmt":"2022-06-11T22:24:24","slug":"la-expresidenta-de-bolivia-jeanine-anez-es-condenada-a-10-anos-de-prision","status":"publish","type":"post","link":"https:\/\/formalprision.com\/?p=100431","title":{"rendered":"La expresidenta de Bolivia, Jeanine \u00c1\u00f1ez, es condenada a 10 a\u00f1os de prisi\u00f3n"},"content":{"rendered":"\n<p>El Tribunal Primero de Sentencia de La Paz dict\u00f3 este viernes una sentencia de 10 a\u00f1os de prisi\u00f3n contra Jeanine \u00c1\u00f1ez por los delitos de \u201cresoluciones contrarias a la Constituci\u00f3n\u201d e \u201cincumplimiento de deberes\u201d.<\/p>\n\n\n\n<p>Esto, en relaci\u00f3n a los hechos ocurridos en 2019, cuando \u00c1\u00f1ez asumi\u00f3 la presidencia interina de Bolivia tras la renuncia de Evo Morales en medio de una crisis pol\u00edtica.<\/p>\n\n\n\n<p>En su declaraci\u00f3n final ante el juez, la exfuncionaria, quien se encuentra en prisi\u00f3n preventiva desde marzo de 2021, rechaz\u00f3 las acusaciones<\/p>\n","protected":false},"excerpt":{"rendered":"<p>El Tribunal Primero de Sentencia de La Paz dict\u00f3 este viernes una sentencia de 10 a\u00f1os de prisi\u00f3n contra Jeanine \u00c1\u00f1ez por los delitos de \u201cresoluciones contrarias a la Constituci\u00f3n\u201d<\/p>\n","protected":false},"author":1,"featured_media":100432,"comment_status":"open","ping_status":"open","sticky":false,"template":"","format":"standard","meta":{"jetpack_post_was_ever_published":false,"_jetpack_newsletter_access":"","_jetpack_dont_email_post_to_subs":false,"_jetpack_newsletter_tier_id":0,"_jetpack_memberships_contains_paywalled_content":false,"_jetpack_memberships_contains_paid_content":false,"footnotes":"","jetpack_publicize_message":"Esto, en relaci\u00f3n a los hechos ocurridos en 2019, cuando \u00c1\u00f1ez asumi\u00f3 la presidencia interina de Bolivia tras la renuncia de Evo Morales en medio de una crisis pol\u00edtica.","jetpack_publicize_feature_enabled":true,"jetpack_social_post_already_shared":true,"jetpack_social_options":{"image_generator_settings":{"template":"highway","default_image_id":0,"font":"","enabled":false},"version":2}},"categories":[1589],"tags":[],"class_list":["post-100431","post","type-post","status-publish","format-standard","has-post-thumbnail","hentry","category-rotador-inferior"],"jetpack_publicize_connections":[],"jetpack_featured_media_url":"https:\/\/formalprision.com\/wp-content\/uploads\/2022\/06\/Screenshot_20220611_112606.jpg","jetpack_sharing_enabled":true,"jetpack_shortlink":"https:\/\/wp.me\/p6id8p-q7R","_links":{"self":[{"href":"https:\/\/formalprision.com\/index.php?rest_route=\/wp\/v2\/posts\/100431","targetHints":{"allow":["GET"]}}],"collection":[{"href":"https:\/\/formalprision.com\/index.php?rest_route=\/wp\/v2\/posts"}],"about":[{"href":"https:\/\/formalprision.com\/index.php?rest_route=\/wp\/v2\/types\/post"}],"author":[{"embeddable":true,"href":"https:\/\/formalprision.com\/index.php?rest_route=\/wp\/v2\/users\/1"}],"replies":[{"embeddable":true,"href":"https:\/\/formalprision.com\/index.php?rest_route=%2Fwp%2Fv2%2Fcomments&post=100431"}],"version-history":[{"count":0,"href":"https:\/\/formalprision.com\/index.php?rest_route=\/wp\/v2\/posts\/100431\/revisions"}],"wp:featuredmedia":[{"embeddable":true,"href":"https:\/\/formalprision.com\/index.php?rest_route=\/wp\/v2\/media\/100432"}],"wp:attachment":[{"href":"https:\/\/formalprision.com\/index.php?rest_route=%2Fwp%2Fv2%2Fmedia&parent=100431"}],"wp:term":[{"taxonomy":"category","embeddable":true,"href":"https:\/\/formalprision.com\/index.php?rest_route=%2Fwp%2Fv2%2Fcategories&post=100431"},{"taxonomy":"post_tag","embeddable":true,"href":"https:\/\/formalprision.com\/index.php?rest_route=%2Fwp%2Fv2%2Ftags&post=100431"}],"curies":[{"name":"wp","href":"https:\/\/api.w.org\/{rel}","templated":true}]}}