{"id":100446,"date":"2022-06-11T18:18:25","date_gmt":"2022-06-11T23:18:25","guid":{"rendered":"http:\/\/formalprision.com\/?p=100446"},"modified":"2022-06-12T21:27:48","modified_gmt":"2022-06-13T02:27:48","slug":"hoy-una-fallecida-y-193-contagios-de-covid-19-en-yucatan","status":"publish","type":"post","link":"https:\/\/formalprision.com\/?p=100446","title":{"rendered":"Hoy una fallecida y 193 contagios de Covid-19 en Yucat\u00e1n"},"content":{"rendered":"\n<p>M\u00c9RIDA.- Hoy se detectaron 193 nuevos contagios de Covid-19 y 11 pacientes en hospitales p\u00fablicos. En este parte m\u00e9dico se reporta una meridana fallecida por coronavirus.<\/p>\n\n\n\n<p>104,188 pacientes ya se recuperaron: no presentan s\u00edntomas ni pueden contagiar. Esta cifra representa el 92% del total de contagios registrados, que es 112,838.<\/p>\n\n\n\n<p>Hoy se detectaron 193 nuevos contagios de Coronavirus.<\/p>\n\n\n\n<p>138 en M\u00e9rida<br>14 en Um\u00e1n<br>4 en Maxcan\u00fa, Oxkutzcab, Progreso y Ticul<br>\u00a03 en Conkal, Motul y Samahil<br>2 en Izamal, Kanas\u00edn, Opich\u00e9n y Tizim\u00edn<br>1 en Akil, Baca, Cansahcab, Man\u00ed, Santa Elena, Tekax, Tixkokob y Valladolid<\/p>\n\n\n\n<p>De los 112,838 casos positivos, 775 son de otro pa\u00eds u otro estado.<\/p>\n\n\n\n<p>Espec\u00edficamente, en M\u00e9rida se han diagnosticado 70,920 personas contagiadas de Coronavirus (casos acumulados al 10 de junio), que viven en:<\/p>\n\n\n\n<p>18,305 en la zona Norte<\/p>\n\n\n\n<p>17,302 en la zona Oriente<\/p>\n\n\n\n<p>6,697 en la zona Centro<\/p>\n\n\n\n<p>11,303 en la zona Sur<\/p>\n\n\n\n<p>17,313 en la zona Poniente<\/p>\n\n\n\n<p>En este parte m\u00e9dico se reporta 1 fallecido:<\/p>\n\n\n\n<p>1. Femenino 63 a\u00f1os de M\u00e9rida HAS\/IRC<\/p>\n\n\n\n<p>Siglas: HIPERTENSI\u00d3N ARTERIAL SIST\u00c9MICA (HAS), DIABETES MELLITUS (DM) e INSUFICIENCIA RENAL CR\u00d3NICA (IRC).<\/p>\n\n\n\n<p>En total, son 6,937 las personas fallecidas a causa del Coronavirus.<\/p>\n\n\n\n<p>De los casos activos, 1,702 est\u00e1n estables, aislados, monitoreados por personal m\u00e9dico de la SSY; presentan s\u00edntomas leves.<\/p>\n\n\n\n<p>Como ya se mencion\u00f3, 11 de los casos positivos est\u00e1n en hospitales p\u00fablicos y en aislamiento total. Hay otros pacientes a la espera de diagn\u00f3stico.<\/p>\n\n\n\n<p>El rango de edad de los casos es de 1 mes a 107 a\u00f1os.<\/p>\n\n\n\n<p>LOS INDICADORES SEMANALES DEL SEM\u00c1FORO ESTATAL DE SALUD MARCAN COLOR VERDE.<\/p>\n","protected":false},"excerpt":{"rendered":"<p>M\u00c9RIDA.- Hoy se detectaron 193 nuevos contagios de Covid-19 y 11 pacientes en hospitales p\u00fablicos. En este parte m\u00e9dico se reporta una meridana fallecida por coronavirus. 104,188 pacientes ya se<\/p>\n","protected":false},"author":2,"featured_media":100448,"comment_status":"open","ping_status":"open","sticky":false,"template":"","format":"standard","meta":{"jetpack_post_was_ever_published":false,"_jetpack_newsletter_access":"","_jetpack_dont_email_post_to_subs":false,"_jetpack_newsletter_tier_id":0,"_jetpack_memberships_contains_paywalled_content":false,"_jetpack_memberships_contains_paid_content":false,"footnotes":"","jetpack_publicize_message":"Yucat\u00e1n tiene hoy 1,713 casos activos de Covid-19, de los cuales 11 est\u00e1n hospitalizados.","jetpack_publicize_feature_enabled":true,"jetpack_social_post_already_shared":true,"jetpack_social_options":{"image_generator_settings":{"template":"highway","default_image_id":0,"font":"","enabled":false},"version":2}},"categories":[14],"tags":[],"class_list":["post-100446","post","type-post","status-publish","format-standard","has-post-thumbnail","hentry","category-merida"],"jetpack_publicize_connections":[],"jetpack_featured_media_url":"https:\/\/formalprision.com\/wp-content\/uploads\/2022\/06\/IMG_20220611_175720_953.jpg","jetpack_sharing_enabled":true,"jetpack_shortlink":"https:\/\/wp.me\/p6id8p-q86","_links":{"self":[{"href":"https:\/\/formalprision.com\/index.php?rest_route=\/wp\/v2\/posts\/100446","targetHints":{"allow":["GET"]}}],"collection":[{"href":"https:\/\/formalprision.com\/index.php?rest_route=\/wp\/v2\/posts"}],"about":[{"href":"https:\/\/formalprision.com\/index.php?rest_route=\/wp\/v2\/types\/post"}],"author":[{"embeddable":true,"href":"https:\/\/formalprision.com\/index.php?rest_route=\/wp\/v2\/users\/2"}],"replies":[{"embeddable":true,"href":"https:\/\/formalprision.com\/index.php?rest_route=%2Fwp%2Fv2%2Fcomments&post=100446"}],"version-history":[{"count":0,"href":"https:\/\/formalprision.com\/index.php?rest_route=\/wp\/v2\/posts\/100446\/revisions"}],"wp:featuredmedia":[{"embeddable":true,"href":"https:\/\/formalprision.com\/index.php?rest_route=\/wp\/v2\/media\/100448"}],"wp:attachment":[{"href":"https:\/\/formalprision.com\/index.php?rest_route=%2Fwp%2Fv2%2Fmedia&parent=100446"}],"wp:term":[{"taxonomy":"category","embeddable":true,"href":"https:\/\/formalprision.com\/index.php?rest_route=%2Fwp%2Fv2%2Fcategories&post=100446"},{"taxonomy":"post_tag","embeddable":true,"href":"https:\/\/formalprision.com\/index.php?rest_route=%2Fwp%2Fv2%2Ftags&post=100446"}],"curies":[{"name":"wp","href":"https:\/\/api.w.org\/{rel}","templated":true}]}}