{"id":100456,"date":"2022-06-12T15:17:16","date_gmt":"2022-06-12T20:17:16","guid":{"rendered":"http:\/\/formalprision.com\/?p=100456"},"modified":"2022-06-12T21:28:31","modified_gmt":"2022-06-13T02:28:31","slug":"arturo-leon-se-registra-como-candidato-unico-a-dirigir-el-comite-del-pan-en-merida","status":"publish","type":"post","link":"https:\/\/formalprision.com\/?p=100456","title":{"rendered":"Arturo Le\u00f3n se registra como candidato \u00fanico a dirigir el comit\u00e9 del PAN en M\u00e9rida"},"content":{"rendered":"\n<p>M\u00c9RIDA.- \u201cSi de algo podemos estar orgullosos, es que en M\u00e9rida y el Estado somos un solo equipo, m\u00e1s unido que nunca para seguir contando con la confianza de la ciudadan\u00eda en el 2024\u201d, declar\u00f3 Arturo Le\u00f3n Itz\u00e1 durante su registro como candidato a la presidencia del Comit\u00e9 Directivo Municipal del PAN en M\u00e9rida.<\/p>\n\n\n\n<p>Acompa\u00f1ado de m\u00e1s de mil militantes que caminaron del parque de Santa Ana a la sede municipal panista, Le\u00f3n Itz\u00e1 manifest\u00f3 su inter\u00e9s de fortalecer en unidad al Partido, sin perder su esencia y principios que los ha identificado a lo largo de los a\u00f1os, donde el trabajo en equipo ha sido clave para lograr el cambio que M\u00e9rida y Yucat\u00e1n necesita.<\/p>\n\n\n\n<p>El aspirante a la presidencia del Comit\u00e9, con una visi\u00f3n joven e innovadora, ha representado a los meridanos como Regidor del Ayuntamiento 2018-2021, su experiencia como servidor p\u00fablico le ha dado la oportunidad de estar al frente de la Subdirecci\u00f3n de Desarrollo Social de la ciudad y de la Subsecretar\u00eda de Desarrollo Social en el Gobierno del Estado. Al interior del Partido, ha colaborado como Secretario General Adjunto del PAN M\u00e9rida, desde el 2016, forma parte del Consejo Estatal y ha tenido a su cargo la coordinaci\u00f3n de Campa\u00f1as electorales ganadoras como la de diputados locales en el 2021.<\/p>\n\n\n\n<p>\u201cTrabajando juntas y juntos vamos a refrendar la victoria, compartiendo la esencia que nos identifica, porque somos un PAN de puertas abiertas que crece cada vez m\u00e1s, logrando cambios que llegan para quedarse en Yucat\u00e1n, para que con el apoyo de la gente, el partido trascienda con el pasar de los a\u00f1os\u201d, se\u00f1al\u00f3.<\/p>\n\n\n\n<p>El proyecto que encabezar\u00e1 Arturo Le\u00f3n, continuar\u00e1 innovando de la mano de las y los ciudadanos; para lograr esto, la planilla est\u00e1 integrada por la Secretaria General, Roxana Ivette Morteo Bacelis, adem\u00e1s de \u00c1ngel David Vald\u00e9z Jim\u00e9nez, Alice Adriana Patr\u00f3n, Edgar Jes\u00fas Moo Montalvo, Esther Reynalda Ku y Ku, Edwin Armando Flota Cocom, Guadalupe de Atocha Herrera Campos, Francisco Javier Gonz\u00e1lez Torres, Mar\u00eda Bel\u00e9n Castillo May, Henry Alejandro Aldana Ch\u00ed, Mar\u00eda Luisa Cazar\u00edn G\u00f3mez, Jos\u00e9 Alfonso Lozano Poveda, Nora Argelia P\u00e9rez Pech, Juan de la Cruz Cano Rodr\u00edguez, Norka Priscilla G\u00f3mez Soberanis, Mario Enmanuel Arag\u00f3n Castillo, Seydi Mar\u00eda Ortiz Herrera, Ra\u00fal Fernando Escalante Aguilar y Alexia Gir\u00f3n.<\/p>\n\n\n\n<p>Arturo Le\u00f3n se\u00f1al\u00f3 que el PAN sabe gobernar y prueba de ello, son las administraciones actuales con propuestas acertadas que han beneficiado a la poblaci\u00f3n en general. Por ejemplo, el Gobernador Mauricio Vila Dosal, que cada vez, es mayor la inversi\u00f3n que llega al Estado, creando m\u00e1s y mejores empleos, consolidando programas como \u201cM\u00e9dico 24\/7\u201d y \u201cM\u00e9dico a Domicilio\u201d en el rubro de la salud, mejorando la movilidad con la red de transporte \u201cVa y Ven\u201d y el reciente anuncio del IE-TRAM, y destac\u00f3 que el alcalde de M\u00e9rida, Ren\u00e1n Barrera Concha, ha logrado posicionar a la ciudad en los ojos de todo el mundo, volvi\u00e9ndola un referente internacional, haciendo equipo con el Gobierno Estatal para mejorar el perif\u00e9rico de la ciudad y arborizando la ciudad.<\/p>\n\n\n\n<p>\u201cGracias al trabajo en equipo, M\u00e9rida destaca a nivel nacional e internacional, somos un referente en seguridad, desarrollo y calidad de vida, consolidando as\u00ed un estilo de gobernar en equipo, donde las y los ciudadanos nos dan su confianza elecci\u00f3n tras elecci\u00f3n y as\u00ed seguiremos, para que cada vez sean m\u00e1s y mejores resultados\u201d, enfatiz\u00f3.<\/p>\n\n\n\n<p>Mencion\u00f3 que tanto en la ciudad como a nivel estatal se ha avanzado, pero a\u00fan falta mucho por hacer, por eso invit\u00f3 a seguir por el rumbo del cambio, transformando para bien la calidad de vida de las familias, y continuar trabajando \u00a1Por una M\u00e9rida al 100!, refrend\u00e1ndolo en las elecciones internas el pr\u00f3ximo 3 de julio.<\/p>\n\n\n\n<p>Durante el registro, estuvo presente Alejandro Ruz Castro, Secretario Municipal en representaci\u00f3n del Alcalde de M\u00e9rida, Ren\u00e1n Barrera Concha; Josu\u00e9 Camargo, Mart\u00edn Uicab y Julio Tec, adem\u00e1s de las Diputadas y diputados federales y locales, regidoras y regidores del Ayuntamiento de la ciudad.<\/p>\n","protected":false},"excerpt":{"rendered":"<p>M\u00c9RIDA.- \u201cSi de algo podemos estar orgullosos, es que en M\u00e9rida y el Estado somos un solo equipo, m\u00e1s unido que nunca para seguir contando con la confianza de la<\/p>\n","protected":false},"author":2,"featured_media":100458,"comment_status":"open","ping_status":"open","sticky":false,"template":"","format":"standard","meta":{"jetpack_post_was_ever_published":false,"_jetpack_newsletter_access":"","_jetpack_dont_email_post_to_subs":false,"_jetpack_newsletter_tier_id":0,"_jetpack_memberships_contains_paywalled_content":false,"_jetpack_memberships_contains_paid_content":false,"footnotes":"","jetpack_publicize_message":"Arturo Le\u00f3n Itz\u00e1 se registr\u00f3 como candidato a la presidencia del Comit\u00e9 Directivo Municipal del PAN en M\u00e9rida, con rumbo al 2024.","jetpack_publicize_feature_enabled":true,"jetpack_social_post_already_shared":true,"jetpack_social_options":{"image_generator_settings":{"template":"highway","default_image_id":0,"font":"","enabled":false},"version":2}},"categories":[14],"tags":[],"class_list":["post-100456","post","type-post","status-publish","format-standard","has-post-thumbnail","hentry","category-merida"],"jetpack_publicize_connections":[],"jetpack_featured_media_url":"https:\/\/formalprision.com\/wp-content\/uploads\/2022\/06\/WhatsApp-Image-2022-06-12-at-2.35.09-PM.jpeg","jetpack_sharing_enabled":true,"jetpack_shortlink":"https:\/\/wp.me\/p6id8p-q8g","_links":{"self":[{"href":"https:\/\/formalprision.com\/index.php?rest_route=\/wp\/v2\/posts\/100456","targetHints":{"allow":["GET"]}}],"collection":[{"href":"https:\/\/formalprision.com\/index.php?rest_route=\/wp\/v2\/posts"}],"about":[{"href":"https:\/\/formalprision.com\/index.php?rest_route=\/wp\/v2\/types\/post"}],"author":[{"embeddable":true,"href":"https:\/\/formalprision.com\/index.php?rest_route=\/wp\/v2\/users\/2"}],"replies":[{"embeddable":true,"href":"https:\/\/formalprision.com\/index.php?rest_route=%2Fwp%2Fv2%2Fcomments&post=100456"}],"version-history":[{"count":0,"href":"https:\/\/formalprision.com\/index.php?rest_route=\/wp\/v2\/posts\/100456\/revisions"}],"wp:featuredmedia":[{"embeddable":true,"href":"https:\/\/formalprision.com\/index.php?rest_route=\/wp\/v2\/media\/100458"}],"wp:attachment":[{"href":"https:\/\/formalprision.com\/index.php?rest_route=%2Fwp%2Fv2%2Fmedia&parent=100456"}],"wp:term":[{"taxonomy":"category","embeddable":true,"href":"https:\/\/formalprision.com\/index.php?rest_route=%2Fwp%2Fv2%2Fcategories&post=100456"},{"taxonomy":"post_tag","embeddable":true,"href":"https:\/\/formalprision.com\/index.php?rest_route=%2Fwp%2Fv2%2Ftags&post=100456"}],"curies":[{"name":"wp","href":"https:\/\/api.w.org\/{rel}","templated":true}]}}