{"id":100710,"date":"2022-06-20T17:34:23","date_gmt":"2022-06-20T22:34:23","guid":{"rendered":"http:\/\/formalprision.com\/?p=100710"},"modified":"2022-06-21T10:35:57","modified_gmt":"2022-06-21T15:35:57","slug":"claman-justicia-los-padres-de-un-nino-atropellado-en-san-jose-tecoh","status":"publish","type":"post","link":"https:\/\/formalprision.com\/?p=100710","title":{"rendered":"Claman justicia los padres de un ni\u00f1o atropellado en San Jos\u00e9 Tecoh"},"content":{"rendered":"\n<p>M\u00c9RIDA.- Padres del ni\u00f1o atropellado ayer por la tarde en San Jos\u00e9 Tecoh (sur de la ciudad) denunciaron que la Fiscal\u00eda General del Estado (FGE) no les quiso recibir la denuncia contra la conductora que caus\u00f3 el accidente que cobr\u00f3 la vida del peque\u00f1o de tres a\u00f1os.<\/p>\n\n\n\n<p>Tambi\u00e9n se quejaron de la mala atenci\u00f3n que les dio la asegura de la mujer que caus\u00f3 la tragedia, pues no les dieron un pase m\u00e9dico para llevar al menor a una cl\u00ednica particular.<\/p>\n\n\n\n<p>El ni\u00f1o fue internado de urgencias en el Hospital O&#8217;HOr\u00e1n, donde muri\u00f3 dos horas despu\u00e9s del accidente, ocurrido a las 5 de la tarde en la esquina que conforman las calles 141 con 50 de San Jos\u00e9 Tecoh.<\/p>\n\n\n\n<p>La \u00fanica esperanza que tienen los padres es que lograron averiguar que ya se abri\u00f3 una carpeta de investigaci\u00f3n por homicidio culposo contra la conductora que permanece detenida.<\/p>\n\n\n\n<p>En caso de que la aseguradora no busque un acuerdo con los padres, la mujer ser\u00e1 turnada ante un juez de control.<\/p>\n\n\n\n<p>El lamentable accidente ocurri\u00f3 ayer a las 5 de la tarde, cuando el ni\u00f1o estaba con su padre en la acera de la esquina y de pronto se les fue encima un Aveo que conduc\u00eda la mujer, al parecer alcoholizada, junto con un sujeto que iba como copiloto, ebrio tambi\u00e9n.<\/p>\n\n\n\n<p>Unas versiones indican que estaban haciendo juegos sexuales y por eso la mujer perdi\u00f3 el contro. Otros indica que ella estaba aprendiendo a manejar y su falta de pericia la llev\u00f3 a proyectarse hacia la acera.<\/p>\n\n\n\n<p>El ni\u00f1o qued\u00f3 debajo del veh\u00edculo y los gritos de su padre alertaron a los vecinos. Al ver que sal\u00eda la gente, la conductora ech\u00f3 reversa y pretendi\u00f3 darse a la fuga, pero un vecino la alcanz\u00f3 y logr\u00f3 quitarle las llaves que no huyera.<\/p>\n\n\n\n<p>A\u00fan con vida, fue llevado al O&#8217;Hor\u00e1n, pero no sobrevivi\u00f3 a las lesiones que sufri\u00f3. El cuerpo ya fue entregado a los padres.<\/p>\n","protected":false},"excerpt":{"rendered":"<p>M\u00c9RIDA.- Padres del ni\u00f1o atropellado ayer por la tarde en San Jos\u00e9 Tecoh (sur de la ciudad) denunciaron que la Fiscal\u00eda General del Estado (FGE) no les quiso recibir la<\/p>\n","protected":false},"author":2,"featured_media":100725,"comment_status":"open","ping_status":"open","sticky":false,"template":"","format":"standard","meta":{"jetpack_post_was_ever_published":false,"_jetpack_newsletter_access":"","_jetpack_dont_email_post_to_subs":false,"_jetpack_newsletter_tier_id":0,"_jetpack_memberships_contains_paywalled_content":false,"_jetpack_memberships_contains_paid_content":false,"footnotes":"","jetpack_publicize_message":"Los padres denuncian que la aseguradora del auto que lo atropell\u00f3 no les dio un pase para llevarlo a un hospital privado, donde consideran pudieron salvarle la vida al ni\u00f1o de tres a\u00f1os.","jetpack_publicize_feature_enabled":true,"jetpack_social_post_already_shared":true,"jetpack_social_options":{"image_generator_settings":{"template":"highway","default_image_id":0,"font":"","enabled":false},"version":2}},"categories":[14],"tags":[],"class_list":["post-100710","post","type-post","status-publish","format-standard","has-post-thumbnail","hentry","category-merida"],"jetpack_publicize_connections":[],"jetpack_featured_media_url":"https:\/\/formalprision.com\/wp-content\/uploads\/2022\/06\/padre.jpg","jetpack_sharing_enabled":true,"jetpack_shortlink":"https:\/\/wp.me\/p6id8p-qcm","_links":{"self":[{"href":"https:\/\/formalprision.com\/index.php?rest_route=\/wp\/v2\/posts\/100710","targetHints":{"allow":["GET"]}}],"collection":[{"href":"https:\/\/formalprision.com\/index.php?rest_route=\/wp\/v2\/posts"}],"about":[{"href":"https:\/\/formalprision.com\/index.php?rest_route=\/wp\/v2\/types\/post"}],"author":[{"embeddable":true,"href":"https:\/\/formalprision.com\/index.php?rest_route=\/wp\/v2\/users\/2"}],"replies":[{"embeddable":true,"href":"https:\/\/formalprision.com\/index.php?rest_route=%2Fwp%2Fv2%2Fcomments&post=100710"}],"version-history":[{"count":0,"href":"https:\/\/formalprision.com\/index.php?rest_route=\/wp\/v2\/posts\/100710\/revisions"}],"wp:featuredmedia":[{"embeddable":true,"href":"https:\/\/formalprision.com\/index.php?rest_route=\/wp\/v2\/media\/100725"}],"wp:attachment":[{"href":"https:\/\/formalprision.com\/index.php?rest_route=%2Fwp%2Fv2%2Fmedia&parent=100710"}],"wp:term":[{"taxonomy":"category","embeddable":true,"href":"https:\/\/formalprision.com\/index.php?rest_route=%2Fwp%2Fv2%2Fcategories&post=100710"},{"taxonomy":"post_tag","embeddable":true,"href":"https:\/\/formalprision.com\/index.php?rest_route=%2Fwp%2Fv2%2Ftags&post=100710"}],"curies":[{"name":"wp","href":"https:\/\/api.w.org\/{rel}","templated":true}]}}