{"id":100726,"date":"2022-06-20T21:49:33","date_gmt":"2022-06-21T02:49:33","guid":{"rendered":"http:\/\/formalprision.com\/?p=100726"},"modified":"2022-06-21T10:31:57","modified_gmt":"2022-06-21T15:31:57","slug":"abren-convocatoria-de-becas-para-impulsar-a-estudiantes-sobresalientes","status":"publish","type":"post","link":"https:\/\/formalprision.com\/?p=100726","title":{"rendered":"Abren convocatoria de becas para impulsar a estudiantes sobresalientes"},"content":{"rendered":"\n<p>M\u00c9RIDA.- Con el objetivo de impulsar la formaci\u00f3n acad\u00e9mica de alumnos destacados, se abri\u00f3 la convocatoria del Programa de Otorgamiento de Becas en Instituciones Educativas Particulares Incorporadas a la Secretar\u00eda de Educaci\u00f3n del Gobierno del Estado de Yucat\u00e1n para pr\u00f3ximo ciclo escolar 2022-2023.<\/p>\n\n\n\n<p>Podr\u00e1n participar estudiantes de nivel Preescolar, Primaria, Secundaria, Media Superior y Formaci\u00f3n para el Trabajo, que cumplan los requerimientos, como el promedio m\u00ednimo de 85 puntos en el ciclo escolar inmediato anterior.<\/p>\n\n\n\n<p>Adem\u00e1s los aspirantes a este beneficio deber\u00e1n de acreditar la necesidad socioecon\u00f3mica de la beca y cubrir la documentaci\u00f3n como la Clave \u00danica de Registro de Poblaci\u00f3n (Curp), acta de nacimiento, constancia de estudios y comprobante de domicilio cuya fecha de expedici\u00f3n no sea mayor a tres meses.<\/p>\n\n\n\n<p>Para comenzar el proceso, deber\u00e1n llenar el formato de solicitud de manera digital, el cual se podr\u00e1 encontrar en la p\u00e1gina www.educacion.yucatan.gob.mx en la secci\u00f3n de publicaciones. De igual forma en el sitio, se aloja la lista de escuelas participantes y la convocatoria completa para su consulta.<\/p>\n\n\n\n<p>Las fechas para el llenado de la solicitud y carga de documentos son las siguientes: el 1 de agosto para los estudiantes de nivel Preescolar, el martes 2 y 3 de agosto para los de Primaria, el jueves 4 de agosto para los de la Secundaria y el viernes 5 de agosto para los de Media Superior y Formaci\u00f3n para el Trabajo.<\/p>\n\n\n\n<p>La Segey dar\u00e1 a conocer los resultados de los beneficiarios de este programa el 8 de septiembre. Del 8 al 16 de septiembre, estar\u00e1 disponible la descarga para impresi\u00f3n de las constancias que acrediten las caracter\u00edsticas de la beca otorgada en la p\u00e1gina www.educacion.yucatan.gob.mx<\/p>\n\n\n\n<p>Se pueden solicitar m\u00e1s datos v\u00eda telef\u00f3nica mediante el correo becas.particulares@yucatan.gob.mx, al n\u00famero 999 9380957 extensi\u00f3n 212 o 224 o al 800 839 1888 al Centro de Atenci\u00f3n Telef\u00f3nica de la Segey.<\/p>\n","protected":false},"excerpt":{"rendered":"<p>La convocatoria de las becas para alumnos sobresalientes est\u00e1 abierta, pero el llenado de solicitud y carga de documentos inicia en agosto.<\/p>\n","protected":false},"author":2,"featured_media":100728,"comment_status":"open","ping_status":"open","sticky":false,"template":"","format":"standard","meta":{"jetpack_post_was_ever_published":false,"_jetpack_newsletter_access":"","_jetpack_dont_email_post_to_subs":false,"_jetpack_newsletter_tier_id":0,"_jetpack_memberships_contains_paywalled_content":false,"_jetpack_memberships_contains_paid_content":false,"footnotes":"","jetpack_publicize_message":"La convocatoria de las becas para alumnos sobresalientes est\u00e1 abierta, pero el llenado de solicitud y carga de documentos inicia en agosto.","jetpack_publicize_feature_enabled":true,"jetpack_social_post_already_shared":true,"jetpack_social_options":{"image_generator_settings":{"template":"highway","default_image_id":0,"font":"","enabled":false},"version":2}},"categories":[54],"tags":[],"class_list":["post-100726","post","type-post","status-publish","format-standard","has-post-thumbnail","hentry","category-yucatan"],"jetpack_publicize_connections":[],"jetpack_featured_media_url":"https:\/\/formalprision.com\/wp-content\/uploads\/2022\/06\/Convocatoria_becas.jpg","jetpack_sharing_enabled":true,"jetpack_shortlink":"https:\/\/wp.me\/p6id8p-qcC","_links":{"self":[{"href":"https:\/\/formalprision.com\/index.php?rest_route=\/wp\/v2\/posts\/100726","targetHints":{"allow":["GET"]}}],"collection":[{"href":"https:\/\/formalprision.com\/index.php?rest_route=\/wp\/v2\/posts"}],"about":[{"href":"https:\/\/formalprision.com\/index.php?rest_route=\/wp\/v2\/types\/post"}],"author":[{"embeddable":true,"href":"https:\/\/formalprision.com\/index.php?rest_route=\/wp\/v2\/users\/2"}],"replies":[{"embeddable":true,"href":"https:\/\/formalprision.com\/index.php?rest_route=%2Fwp%2Fv2%2Fcomments&post=100726"}],"version-history":[{"count":0,"href":"https:\/\/formalprision.com\/index.php?rest_route=\/wp\/v2\/posts\/100726\/revisions"}],"wp:featuredmedia":[{"embeddable":true,"href":"https:\/\/formalprision.com\/index.php?rest_route=\/wp\/v2\/media\/100728"}],"wp:attachment":[{"href":"https:\/\/formalprision.com\/index.php?rest_route=%2Fwp%2Fv2%2Fmedia&parent=100726"}],"wp:term":[{"taxonomy":"category","embeddable":true,"href":"https:\/\/formalprision.com\/index.php?rest_route=%2Fwp%2Fv2%2Fcategories&post=100726"},{"taxonomy":"post_tag","embeddable":true,"href":"https:\/\/formalprision.com\/index.php?rest_route=%2Fwp%2Fv2%2Ftags&post=100726"}],"curies":[{"name":"wp","href":"https:\/\/api.w.org\/{rel}","templated":true}]}}