{"id":100739,"date":"2022-06-21T10:28:08","date_gmt":"2022-06-21T15:28:08","guid":{"rendered":"http:\/\/formalprision.com\/?p=100739"},"modified":"2022-06-22T00:55:18","modified_gmt":"2022-06-22T05:55:18","slug":"los-tigres-del-norte-cuentan-en-un-documental-su-propia-historia-de-migracion","status":"publish","type":"post","link":"https:\/\/formalprision.com\/?p=100739","title":{"rendered":"Los Tigres del Norte cuentan en un documental su historia de migraci\u00f3n"},"content":{"rendered":"\n<p>CIUDAD DE M\u00c9XICO (AP).- Han contado innumerables historias de inmigrantes a trav\u00e9s de sus canciones, y ahora Los Tigres del Norte relatan sus propias haza\u00f1as en un documental que debut\u00f3 el viernes en Amazon Prime Video.<\/p>\n\n\n\n<p>Bajo la direcci\u00f3n de Carlos P\u00e9rez Osorio, los astros de la m\u00fasica regional mexicana rememoran sus or\u00edgenes, sus momentos m\u00e1s \u00e1lgidos y los m\u00e1s dif\u00edciles en \u201cLos Tigres de Norte: Historias que contar\u201d, que incluye relatos a viva voz de sus protagonistas as\u00ed como la participaci\u00f3n de amigos conocidos como Julieta Venegas o Arturo P\u00e9rez-Reverte.<\/p>\n\n\n\n<p>\u201cNuestros corazones sienten la sensibilidad de poder transmitir lo que estamos diciendo y poder vivir nuevamente una etapa de la vida de nosotros a trav\u00e9s de una filmaci\u00f3n, contar las historias como son\u201d, dijo Jorge Hern\u00e1ndez, acordeonista, vocalista y l\u00edder de la banda, en una entrevista reciente con The Associated Press.<\/p>\n\n\n\n<p>Para los fans de la agrupaci\u00f3n, integrada principalmente por hermanos de la familia Hern\u00e1ndez, ser\u00e1 cautivador conocer m\u00e1s de sus inicios, el rancho de Rosa Morada, Sinaloa, de donde son originarios, c\u00f3mo era su familia y la lucha para poder lanzar sus primeros discos a finales de la d\u00e9cada de 1960 y principios de los 70. Afortunadamente, no tuvieron que pasar mucho trabajo para recabar material hist\u00f3rico gracias al gusto por archivar del bajista y vocalista Hern\u00e1n Hern\u00e1ndez.<\/p>\n\n\n\n<figure class=\"wp-block-image\"><img decoding=\"async\" src=\"https:\/\/elchismografoenlared.com\/wp-content\/uploads\/2022\/06\/res1.jpeg\" alt=\"\" class=\"wp-image-13236\" \/><\/figure>\n\n\n\n<p>\u201cYo en lo particular soy el que m\u00e1s cosas ha guardado\u201d, dijo Hern\u00e1n. \u201cCasi todo guardo de lo que veo de Los Tigres, lo he guardado de toda la vida, inclusive como a modo de broma siempre me dec\u00edan \u2018m\u00e1s peri\u00f3dicos\u2019 \u2026 Cuando la gente vea el documental, que sepan que la mayor\u00eda de esas cosas son nuestras\u201d.<\/p>\n\n\n\n<p>Los int\u00e9rpretes de \u201cJefe de Jefes\u201d y \u201cContrabando y traici\u00f3n\u201d, galardonados con siete Grammy y seis Latin Grammy, tuvieron el gusto de invitar a personalidades como Venegas, P\u00e9rez-Reverte, Ry Cooder, Pepe Carlos y La Marisoul de La Santa Cecilia para participar en el documental con entrevistas.<\/p>\n\n\n\n<p>\u201cLos invitados son amigos nuestros ya de hace muchos a\u00f1os\u201d, dijo el multiinstrumentalista y vocalista Eduardo Hern\u00e1ndez. \u201cConocen la historia de los Tigres del Norte\u2026 Estamos muy contentos de que hayan podido participar y que hayan tomado ese tiempo y esa amabilidad para con nosotros\u201d.<\/p>\n\n\n\n<p>Pero, as\u00ed como hay momentos de mucha felicidad e impresionantes conciertos multitudinarios en el documental, tambi\u00e9n dejan ver momentos muy vulnerables y situaciones que s\u00f3lo ellos pueden conocer, como una noche en la que su padre les pidi\u00f3 que dieran un concierto a pesar de que estaba agonizando.<\/p>\n\n\n\n<p>\u201cNosotros queremos que el p\u00fablico vea precisamente ese lado familiar, el lado m\u00e1s humano de Los Tigres del Norte, porque normalmente estamos en conciertos, estamos en entrevistas, toda esa parte que nosotros vemos como nuestro trabajo\u201d, dijo Luis Hern\u00e1ndez, vocalista y bajosexto de la banda.<\/p>\n\n\n\n<figure class=\"wp-block-image\"><img decoding=\"async\" src=\"https:\/\/elchismografoenlared.com\/wp-content\/uploads\/2022\/06\/tiger.jpeg\" alt=\"\" class=\"wp-image-13234\" \/><\/figure>\n\n\n\n<p>Tambi\u00e9n son muy abiertos al hablar de su experiencia como una familia mexicana inmigrante en Estados Unidos, llevada por la necesidad de apoyar a sus progenitores despu\u00e9s de un incidente en el que su padre result\u00f3 gravemente herido.<\/p>\n\n\n\n<p>\u201cQueremos proyectar eso, queremos que sepan que a pesar de que este grupo vino hace muchos a\u00f1os, que se vino (a Estados Unidos) como familia, como hermanos a apoyar a los que se quedaban all\u00e1, que es una historia de \u00e9xito\u201d, dijo Luis Hern\u00e1ndez. \u201cSi logras trabajar juntos, trabajar unidos, se pueden lograr muchas cosas, no solamente en la parte del trabajo que para nosotros es la parte art\u00edstica, sino en la parte familiar\u201d.<\/p>\n\n\n\n<p>Una figura clave para esa uni\u00f3n ha sido su madre, a quien conocemos en el documental a trav\u00e9s de videos caseros de quince a\u00f1os y otras fiestas familiares. Los Tigres del Norte vienen de una familia de 11 hermanos, incluidas 4 mujeres y al fallecido Freddy, que tambi\u00e9n fue miembro de la banda.<\/p>\n\n\n\n<p>\u201cAcaba de cumplir 90 a\u00f1os nuestra mamacita\u201d, dijo Hern\u00e1n. \u201cTodav\u00eda nos trata como sus ni\u00f1os, todav\u00eda nos dice plebes, porque es la palabra que en Sinaloa se acostumbra para decirle a los ni\u00f1os\u2026 Gracias a Dios que todav\u00eda la tenemos con nosotros\u201d.<\/p>\n\n\n\n<figure class=\"wp-block-image\"><img decoding=\"async\" src=\"https:\/\/elchismografoenlared.com\/wp-content\/uploads\/2022\/06\/tiger1.jpeg\" alt=\"\" class=\"wp-image-13233\" \/><\/figure>\n\n\n\n<p>Otra figura destacada en su carrera fue Art Walker (que en el documental aparece como Arthur y a quien Los Tigres se refieren como Arturo), due\u00f1o del sello discogr\u00e1fico Fama Records que les dio su primera oportunidad.<\/p>\n\n\n\n<p>Walker era brit\u00e1nico y no hablaba espa\u00f1ol, y reci\u00e9n llegados a Estados Unidos los Hern\u00e1ndez no hablaban ingl\u00e9s, pero juntos encontraron un punto en com\u00fan en la m\u00fasica. A Walker le agradecen por lanzar sus primeros \u00e1lbumes y haber cambiado sus instrumentos ac\u00fasticos por el\u00e9ctricos, lo que los catapult\u00f3 a la fama.<\/p>\n\n\n\n<p>\u201cTenemos mucho que agradecerle a Arturo, porque fue una de las bases principales cuando llegamos a Estados Unidos, fue el que nos ayud\u00f3, fue el que vel\u00f3 por nosotros, fue el que nos aconsej\u00f3, fue el que nos ense\u00f1\u00f3 muchas cosas\u201d, dijo Jorge Hern\u00e1ndez. \u201cPor eso lo hemos mencionado. Es una persona importante en nuestras vidas\u2026 Fue un maestro para nosotros en todos los sentidos\u201d.<\/p>\n\n\n\n<p>En el documental se puede ver que, como hermano mayor, Jorge asumi\u00f3 el papel de guardi\u00e1n de los dem\u00e1s una vez que se separaron de sus padres para buscar su carrera. Es algo que todav\u00eda hace d\u00e9cadas despu\u00e9s.<\/p>\n\n\n\n<p>\u201cDesde el principio, cuando reci\u00e9n nos salimos del rancho, que le dijimos a mi mam\u00e1 y mi pap\u00e1 que nos \u00edbamos a salir a buscar la vida por la necesidad que ten\u00edamos, adquir\u00ed esa responsabilidad, y siempre la he tenido\u201d, dijo Jorge. \u201cHa sido una vida que no me di cuenta cu\u00e1ndo pas\u00f3 el tiempo\u201d.<\/p>\n","protected":false},"excerpt":{"rendered":"<p>CIUDAD DE M\u00c9XICO (AP).- Han contado innumerables historias de inmigrantes a trav\u00e9s de sus canciones, y ahora Los Tigres del Norte relatan sus propias haza\u00f1as en un documental que debut\u00f3<\/p>\n","protected":false},"author":2,"featured_media":100750,"comment_status":"open","ping_status":"open","sticky":false,"template":"","format":"standard","meta":{"jetpack_post_was_ever_published":false,"_jetpack_newsletter_access":"","_jetpack_dont_email_post_to_subs":false,"_jetpack_newsletter_tier_id":0,"_jetpack_memberships_contains_paywalled_content":false,"_jetpack_memberships_contains_paid_content":false,"footnotes":"","jetpack_publicize_message":"Los Tigres del Norte han contado innumerables historias de inmigrantes, hoy les toca contar la suya en un documental de Amazon Prime.","jetpack_publicize_feature_enabled":true,"jetpack_social_post_already_shared":true,"jetpack_social_options":{"image_generator_settings":{"template":"highway","default_image_id":0,"font":"","enabled":false},"version":2}},"categories":[23,1],"tags":[],"class_list":["post-100739","post","type-post","status-publish","format-standard","has-post-thumbnail","hentry","category-del-mundo","category-sin-categoria"],"jetpack_publicize_connections":[],"jetpack_featured_media_url":"https:\/\/formalprision.com\/wp-content\/uploads\/2022\/06\/tigres.jpeg","jetpack_sharing_enabled":true,"jetpack_shortlink":"https:\/\/wp.me\/p6id8p-qcP","_links":{"self":[{"href":"https:\/\/formalprision.com\/index.php?rest_route=\/wp\/v2\/posts\/100739","targetHints":{"allow":["GET"]}}],"collection":[{"href":"https:\/\/formalprision.com\/index.php?rest_route=\/wp\/v2\/posts"}],"about":[{"href":"https:\/\/formalprision.com\/index.php?rest_route=\/wp\/v2\/types\/post"}],"author":[{"embeddable":true,"href":"https:\/\/formalprision.com\/index.php?rest_route=\/wp\/v2\/users\/2"}],"replies":[{"embeddable":true,"href":"https:\/\/formalprision.com\/index.php?rest_route=%2Fwp%2Fv2%2Fcomments&post=100739"}],"version-history":[{"count":0,"href":"https:\/\/formalprision.com\/index.php?rest_route=\/wp\/v2\/posts\/100739\/revisions"}],"wp:featuredmedia":[{"embeddable":true,"href":"https:\/\/formalprision.com\/index.php?rest_route=\/wp\/v2\/media\/100750"}],"wp:attachment":[{"href":"https:\/\/formalprision.com\/index.php?rest_route=%2Fwp%2Fv2%2Fmedia&parent=100739"}],"wp:term":[{"taxonomy":"category","embeddable":true,"href":"https:\/\/formalprision.com\/index.php?rest_route=%2Fwp%2Fv2%2Fcategories&post=100739"},{"taxonomy":"post_tag","embeddable":true,"href":"https:\/\/formalprision.com\/index.php?rest_route=%2Fwp%2Fv2%2Ftags&post=100739"}],"curies":[{"name":"wp","href":"https:\/\/api.w.org\/{rel}","templated":true}]}}