{"id":100744,"date":"2022-06-21T11:25:04","date_gmt":"2022-06-21T16:25:04","guid":{"rendered":"http:\/\/formalprision.com\/?p=100744"},"modified":"2022-06-21T21:26:09","modified_gmt":"2022-06-22T02:26:09","slug":"proponen-que-el-distrito-federal-iii-de-yucatan-tenga-como-cabecera-kanasin","status":"publish","type":"post","link":"https:\/\/formalprision.com\/?p=100744","title":{"rendered":"Proponen que el Distrito federal III de Yucat\u00e1n tenga como cabecera Kanas\u00edn"},"content":{"rendered":"\n<p>M\u00c9RIDA.- En la Reuni\u00f3n Consultiva \u201cPrevia, Libre e Informada a Pueblos y Comunidades Ind\u00edgenas y Afromexicanas en materia de Distritaci\u00f3n Electoral\u201d, Edgar Cano Brito, jefe de gabinete del Supremo Consejo Maya de Yucat\u00e1n, propuso que el nuevo distrito federal que se asignar\u00e1 al estado tenga como cabecera Kanas\u00edn y no M\u00e9rida, como propone el INE.<\/p>\n\n\n\n<p>Como hemos informado, ante la nueva distritaci\u00f3n del pa\u00eds, Yucat\u00e1n tendr\u00e1 una demarcaci\u00f3n federal m\u00e1s, el VI Distrito que tendr\u00eda M\u00e9rida como cabecera, con lo cual la capital yucateca tendr\u00eda tres distritos federales, es decir, que tendr\u00eda tres representantes en la C\u00e1mara de Diputados.<\/p>\n\n\n\n<p>Sin embargo, en la mencionada reuni\u00f3n Cano Brito propuso, a nombre del Supremo Consejo Maya de Yucat\u00e1n, que el nuevo distrito federal tenga como cabecera Kanas\u00edn, aunque abarcar\u00e1 tambi\u00e9n partes de M\u00e9rida.<\/p>\n\n\n\n<p>Igual se propuso que en la distritaci\u00f3n local Kanas\u00edn tenga su propia demarcaci\u00f3n, que ser\u00eda la novena y no la sexta como ahora.<\/p>\n\n\n\n<p>De acuerdo con \u00c9dgar Cano, los participantes en el encuentro, incluyendo los representantes del INE, vieron con buenos ojos ambas propuestas.<\/p>\n","protected":false},"excerpt":{"rendered":"<p>M\u00c9RIDA.- En la Reuni\u00f3n Consultiva \u201cPrevia, Libre e Informada a Pueblos y Comunidades Ind\u00edgenas y Afromexicanas en materia de Distritaci\u00f3n Electoral\u201d, Edgar Cano Brito, jefe de gabinete del Supremo Consejo<\/p>\n","protected":false},"author":2,"featured_media":100746,"comment_status":"open","ping_status":"open","sticky":false,"template":"","format":"standard","meta":{"jetpack_post_was_ever_published":false,"_jetpack_newsletter_access":"","_jetpack_dont_email_post_to_subs":false,"_jetpack_newsletter_tier_id":0,"_jetpack_memberships_contains_paywalled_content":false,"_jetpack_memberships_contains_paid_content":false,"footnotes":"","jetpack_publicize_message":"El Supremo Consejo Maya de Yucat\u00e1n propuso que el nuevo distrito federal de Yucat\u00e1n tenga cabecera Kanas\u00edn y no M\u00e9rida. ","jetpack_publicize_feature_enabled":true,"jetpack_social_post_already_shared":true,"jetpack_social_options":{"image_generator_settings":{"template":"highway","default_image_id":0,"font":"","enabled":false},"version":2}},"categories":[54],"tags":[],"class_list":["post-100744","post","type-post","status-publish","format-standard","has-post-thumbnail","hentry","category-yucatan"],"jetpack_publicize_connections":[],"jetpack_featured_media_url":"https:\/\/formalprision.com\/wp-content\/uploads\/2022\/06\/WhatsApp-Image-2022-06-20-at-4.59.41-PM-1.jpeg","jetpack_sharing_enabled":true,"jetpack_shortlink":"https:\/\/wp.me\/p6id8p-qcU","_links":{"self":[{"href":"https:\/\/formalprision.com\/index.php?rest_route=\/wp\/v2\/posts\/100744","targetHints":{"allow":["GET"]}}],"collection":[{"href":"https:\/\/formalprision.com\/index.php?rest_route=\/wp\/v2\/posts"}],"about":[{"href":"https:\/\/formalprision.com\/index.php?rest_route=\/wp\/v2\/types\/post"}],"author":[{"embeddable":true,"href":"https:\/\/formalprision.com\/index.php?rest_route=\/wp\/v2\/users\/2"}],"replies":[{"embeddable":true,"href":"https:\/\/formalprision.com\/index.php?rest_route=%2Fwp%2Fv2%2Fcomments&post=100744"}],"version-history":[{"count":0,"href":"https:\/\/formalprision.com\/index.php?rest_route=\/wp\/v2\/posts\/100744\/revisions"}],"wp:featuredmedia":[{"embeddable":true,"href":"https:\/\/formalprision.com\/index.php?rest_route=\/wp\/v2\/media\/100746"}],"wp:attachment":[{"href":"https:\/\/formalprision.com\/index.php?rest_route=%2Fwp%2Fv2%2Fmedia&parent=100744"}],"wp:term":[{"taxonomy":"category","embeddable":true,"href":"https:\/\/formalprision.com\/index.php?rest_route=%2Fwp%2Fv2%2Fcategories&post=100744"},{"taxonomy":"post_tag","embeddable":true,"href":"https:\/\/formalprision.com\/index.php?rest_route=%2Fwp%2Fv2%2Ftags&post=100744"}],"curies":[{"name":"wp","href":"https:\/\/api.w.org\/{rel}","templated":true}]}}