{"id":100747,"date":"2022-06-21T12:45:34","date_gmt":"2022-06-21T17:45:34","guid":{"rendered":"http:\/\/formalprision.com\/?p=100747"},"modified":"2022-06-21T21:25:39","modified_gmt":"2022-06-22T02:25:39","slug":"denuncian-que-el-colegio-regional-de-mexico-incumple-protocolos-de-covid-19","status":"publish","type":"post","link":"https:\/\/formalprision.com\/?p=100747","title":{"rendered":"Denuncian que el Colegio Regional de M\u00e9xico incumple protocolos de Covid-19"},"content":{"rendered":"\n<p>M\u00c9RIDA.- Padres de familia del Colegio Regional de M\u00e9xico denuncian que, pese al aumento de contagios de Covid-19, las autoridades del plantel se niegan a aplicar los protocolos establecidos por las autoridades sanitarias.<\/p>\n\n\n\n<p>Estos protocolos indican que en caso de un contagio de coronavirus en un sal\u00f3n, \u00e9ste debe cerrarse y volver a clases en l\u00ednea, a fin de frenar el brote de Covid-19 y que no se extienda a toda la escuela.<\/p>\n\n\n\n<p>Sin embargo, los directivos del plantel han dejado que el problema aumente y ahora ya son varios grupos que presentan contagios de la pandemia.<\/p>\n\n\n\n<p>\u00abLos compa\u00f1eritos de mis hijos se est\u00e1n contagiando\u00bb, indic\u00f3 uno de los padres.<\/p>\n\n\n\n<p>\u00abNo solo en la primaria del colegio se est\u00e1n contagiando, tambi\u00e9n ya hay contagios en la secundaria, y no hace nada la escuela\u00bb, lament\u00f3.<\/p>\n\n\n\n<p>La escuela cuenta con los niveles de kinder, primaria y secundaria.<\/p>\n\n\n\n<p>De acuerdo con los informantes, hay contagios de la pandemia en todos los niveles.<\/p>\n\n\n\n<p>En esta misma edici\u00f3n publicamos que la Segey asegura que, pese al aumento de contagios de Covid-19, el 97 por ciento de los alumnos de Yucat\u00e1n toma clases presenciales.<\/p>\n","protected":false},"excerpt":{"rendered":"<p>M\u00c9RIDA.- Padres de familia del Colegio Regional de M\u00e9xico denuncian que, pese al aumento de contagios de Covid-19, las autoridades del plantel se niegan a aplicar los protocolos establecidos por<\/p>\n","protected":false},"author":2,"featured_media":100749,"comment_status":"open","ping_status":"open","sticky":false,"template":"","format":"standard","meta":{"jetpack_post_was_ever_published":false,"_jetpack_newsletter_access":"","_jetpack_dont_email_post_to_subs":false,"_jetpack_newsletter_tier_id":0,"_jetpack_memberships_contains_paywalled_content":false,"_jetpack_memberships_contains_paid_content":false,"footnotes":"","jetpack_publicize_message":"Pese a numerosos contagios de Covid-19, directivos del Colegio Regional de M\u00e9xico se niegan a aplicar los protocolos sanitarios que establecieron la Segey y la SSY.","jetpack_publicize_feature_enabled":true,"jetpack_social_post_already_shared":true,"jetpack_social_options":{"image_generator_settings":{"template":"highway","default_image_id":0,"font":"","enabled":false},"version":2}},"categories":[14],"tags":[],"class_list":["post-100747","post","type-post","status-publish","format-standard","has-post-thumbnail","hentry","category-merida"],"jetpack_publicize_connections":[],"jetpack_featured_media_url":"https:\/\/formalprision.com\/wp-content\/uploads\/2022\/06\/WhatsApp-Image-2022-06-20-at-5.16.19-PM.jpeg","jetpack_sharing_enabled":true,"jetpack_shortlink":"https:\/\/wp.me\/p6id8p-qcX","_links":{"self":[{"href":"https:\/\/formalprision.com\/index.php?rest_route=\/wp\/v2\/posts\/100747","targetHints":{"allow":["GET"]}}],"collection":[{"href":"https:\/\/formalprision.com\/index.php?rest_route=\/wp\/v2\/posts"}],"about":[{"href":"https:\/\/formalprision.com\/index.php?rest_route=\/wp\/v2\/types\/post"}],"author":[{"embeddable":true,"href":"https:\/\/formalprision.com\/index.php?rest_route=\/wp\/v2\/users\/2"}],"replies":[{"embeddable":true,"href":"https:\/\/formalprision.com\/index.php?rest_route=%2Fwp%2Fv2%2Fcomments&post=100747"}],"version-history":[{"count":0,"href":"https:\/\/formalprision.com\/index.php?rest_route=\/wp\/v2\/posts\/100747\/revisions"}],"wp:featuredmedia":[{"embeddable":true,"href":"https:\/\/formalprision.com\/index.php?rest_route=\/wp\/v2\/media\/100749"}],"wp:attachment":[{"href":"https:\/\/formalprision.com\/index.php?rest_route=%2Fwp%2Fv2%2Fmedia&parent=100747"}],"wp:term":[{"taxonomy":"category","embeddable":true,"href":"https:\/\/formalprision.com\/index.php?rest_route=%2Fwp%2Fv2%2Fcategories&post=100747"},{"taxonomy":"post_tag","embeddable":true,"href":"https:\/\/formalprision.com\/index.php?rest_route=%2Fwp%2Fv2%2Ftags&post=100747"}],"curies":[{"name":"wp","href":"https:\/\/api.w.org\/{rel}","templated":true}]}}