{"id":101357,"date":"2022-07-09T21:50:02","date_gmt":"2022-07-10T02:50:02","guid":{"rendered":"http:\/\/formalprision.com\/?p=101357"},"modified":"2022-07-11T10:57:47","modified_gmt":"2022-07-11T15:57:47","slug":"a-zacarias-todo-le-sale-mal-devela-estela-de-armando-manzanero-plagada-de-errores","status":"publish","type":"post","link":"https:\/\/formalprision.com\/?p=101357","title":{"rendered":"A Zacar\u00edas todo le sale mal: devela estela de Armando Manzanero plagada de errores"},"content":{"rendered":"\n<p>PROGRESO.- Juli\u00e1n Zacar\u00edas y sus afanes de ser noticia todo el tiempo siempre acaban mal, y la develaci\u00f3n de una estela en homenaje al cantautor yucateco Armando Manzanero no fue la excepci\u00f3n.<\/p>\n\n\n\n<p>Acompa\u00f1ado de autoridades de cultura, el vanidoso alcalde devel\u00f3 ayer la mencionada estela, en la que se plasma una semblanza del maestro Manzanero plagada de errores ante la falta de documentaci\u00f3n de la vida del yucateco m\u00e1s universal.<\/p>\n\n\n\n<p>Por ejemplo, la fecha de nacimiento es err\u00f3nea, pues como data en muchas entrevistas, el autor de \u00abAdoro\u00bb siempre dijo que naci\u00f3 el 7 de diciembre de 1934 y no de 1935. Este dato igual lo confirma el profesor Luis P\u00e9rez Sabido.<\/p>\n\n\n\n<p>Lectores nos indican que al mencionar la canci\u00f3n \u00abComo Yo Te Am\u00e9\u00bb, omitieron el acento en Am\u00e9.<\/p>\n\n\n\n<p>Tambi\u00e9n dice que le entregaron el Latin Grammy a la Trayectoria Art\u00edstica en 2014, cuando en realidad en esa fecha le entregaron el Grammy estadounidense, pues el latino ya se lo hab\u00edan dado muchos, pero muchos a\u00f1os antes.<\/p>\n\n\n\n<p>Conociendo la terquedad de Juli\u00e1n Zacar\u00edas y sus asesores, lo m\u00e1s seguro es que la estela se qued\u00e9 con esos errores, y lamentablemente quienes la lean se quedar\u00e1n con datos imprecisos de la vida de Armando Manzanero, el yucateco m\u00e1s universal.<\/p>\n","protected":false},"excerpt":{"rendered":"<p>PROGRESO.- Juli\u00e1n Zacar\u00edas y sus afanes de ser noticia todo el tiempo siempre acaban mal, y la develaci\u00f3n de una estela en homenaje al cantautor yucateco Armando Manzanero no fue<\/p>\n","protected":false},"author":2,"featured_media":101359,"comment_status":"open","ping_status":"open","sticky":false,"template":"","format":"standard","meta":{"jetpack_post_was_ever_published":false,"_jetpack_newsletter_access":"","_jetpack_dont_email_post_to_subs":false,"_jetpack_newsletter_tier_id":0,"_jetpack_memberships_contains_paywalled_content":false,"_jetpack_memberships_contains_paid_content":false,"footnotes":"","jetpack_publicize_message":"A Juli\u00e1n Zacar\u00edas la banda le dice que todo lo que hace, que todo lo que hace est\u00e1 mal.","jetpack_publicize_feature_enabled":true,"jetpack_social_post_already_shared":true,"jetpack_social_options":{"image_generator_settings":{"template":"highway","default_image_id":0,"font":"","enabled":false},"version":2}},"categories":[54],"tags":[],"class_list":["post-101357","post","type-post","status-publish","format-standard","has-post-thumbnail","hentry","category-yucatan"],"jetpack_publicize_connections":[],"jetpack_featured_media_url":"https:\/\/formalprision.com\/wp-content\/uploads\/2022\/07\/WhatsApp-Image-2022-07-09-at-12.10.42-PM-1.jpeg","jetpack_sharing_enabled":true,"jetpack_shortlink":"https:\/\/wp.me\/p6id8p-qmN","_links":{"self":[{"href":"https:\/\/formalprision.com\/index.php?rest_route=\/wp\/v2\/posts\/101357","targetHints":{"allow":["GET"]}}],"collection":[{"href":"https:\/\/formalprision.com\/index.php?rest_route=\/wp\/v2\/posts"}],"about":[{"href":"https:\/\/formalprision.com\/index.php?rest_route=\/wp\/v2\/types\/post"}],"author":[{"embeddable":true,"href":"https:\/\/formalprision.com\/index.php?rest_route=\/wp\/v2\/users\/2"}],"replies":[{"embeddable":true,"href":"https:\/\/formalprision.com\/index.php?rest_route=%2Fwp%2Fv2%2Fcomments&post=101357"}],"version-history":[{"count":0,"href":"https:\/\/formalprision.com\/index.php?rest_route=\/wp\/v2\/posts\/101357\/revisions"}],"wp:featuredmedia":[{"embeddable":true,"href":"https:\/\/formalprision.com\/index.php?rest_route=\/wp\/v2\/media\/101359"}],"wp:attachment":[{"href":"https:\/\/formalprision.com\/index.php?rest_route=%2Fwp%2Fv2%2Fmedia&parent=101357"}],"wp:term":[{"taxonomy":"category","embeddable":true,"href":"https:\/\/formalprision.com\/index.php?rest_route=%2Fwp%2Fv2%2Fcategories&post=101357"},{"taxonomy":"post_tag","embeddable":true,"href":"https:\/\/formalprision.com\/index.php?rest_route=%2Fwp%2Fv2%2Ftags&post=101357"}],"curies":[{"name":"wp","href":"https:\/\/api.w.org\/{rel}","templated":true}]}}