{"id":101367,"date":"2022-07-10T18:30:43","date_gmt":"2022-07-10T23:30:43","guid":{"rendered":"http:\/\/formalprision.com\/?p=101367"},"modified":"2022-07-11T22:47:19","modified_gmt":"2022-07-12T03:47:19","slug":"hoy-596-contagios-un-fallecido-y-50-hospitalizados","status":"publish","type":"post","link":"https:\/\/formalprision.com\/?p=101367","title":{"rendered":"Hoy 596 contagios, un fallecido y 50 hospitalizados"},"content":{"rendered":"\n<p>M\u00c9RIDA.- Hoy se detectaron 596 nuevos contagios, un fallecido y 50 pacientes de Covid-19 en hospitales p\u00fablicos.<\/p>\n\n\n\n<p>110,850 pacientes ya se recuperaron: no presentan s\u00edntomas ni pueden contagiar. Esta cifra representa el 89% del total de contagios registrados, que es 124,851.<\/p>\n\n\n\n<p>El fallecimiento de hoy corresponde a un hombre de Valladolid de 72, con diversas comorbilidades.<\/p>\n\n\n\n<p>Este es el parte m\u00e9dico de este domingo 10 de julio:<\/p>\n\n\n\n<p>Hoy se detectaron 596 nuevos contagios de Coronavirus.<\/p>\n\n\n\n<p>585 en M\u00e9rida<\/p>\n\n\n\n<p>3 en Valladolid<\/p>\n\n\n\n<p>2 en Motul<\/p>\n\n\n\n<p>1 en Cansahcab, Hunucm\u00e1, Kanas\u00edn, Suma, Tizim\u00edn&nbsp;<\/p>\n\n\n\n<p>1 for\u00e1neo<\/p>\n\n\n\n<p>De los 124,851 casos positivos, 812 son de otro pa\u00eds u otro estado.<\/p>\n\n\n\n<p>Espec\u00edficamente, en M\u00e9rida se han diagnosticado 78,379 personas contagiadas de Coronavirus (casos acumulados al 9 de julio), que viven en:<\/p>\n\n\n\n<p>20,449 en la zona Norte<\/p>\n\n\n\n<p>19,096 en la zona Oriente<\/p>\n\n\n\n<p>7,491 en la zona Centro<\/p>\n\n\n\n<p>12,579 en la zona Sur<\/p>\n\n\n\n<p>18,764 en la zona Poniente<\/p>\n\n\n\n<p>En este parte m\u00e9dico se reporta 1 fallecido:<\/p>\n\n\n\n<p>1. Masculino 72 a\u00f1os de Valladolid DM\/HAS\/Obesidad\/ERC\/Inmunosupresi\u00f3n<\/p>\n\n\n\n<p>Siglas: HIPERTENSI\u00d3N ARTERIAL SIST\u00c9MICA (HAS), DIABETES MELLITUS (DM), INSUFICIENCIA RENAL CR\u00d3NICA (IRC), ENFERMEDAD RENAL CR\u00d3NICA (ERC).<\/p>\n\n\n\n<p>En total, son 6,951 las personas fallecidas a causa del Coronavirus.<\/p>\n\n\n\n<p>De los casos activos, 7,000 est\u00e1n estables, aislados, monitoreados por personal m\u00e9dico de la SSY; presentan s\u00edntomas leves.<\/p>\n\n\n\n<p>Como ya se mencion\u00f3, 50 de los casos positivos est\u00e1n en hospitales p\u00fablicos y en aislamiento total. Hay otros pacientes a la espera de diagn\u00f3stico.<\/p>\n\n\n\n<p>El rango de edad de los casos es de 1 mes a 107 a\u00f1os.<\/p>\n\n\n\n<p>LOS INDICADORES SEMANALES DEL SEM\u00c1FORO ESTATAL DE SALUD MARCAN COLOR VERDE.<\/p>\n","protected":false},"excerpt":{"rendered":"<p>La pandemia de Covid-19 ha dejado 6,951 muertos en Yucat\u00e1n.<\/p>\n","protected":false},"author":2,"featured_media":101369,"comment_status":"open","ping_status":"open","sticky":false,"template":"","format":"standard","meta":{"jetpack_post_was_ever_published":false,"_jetpack_newsletter_access":"","_jetpack_dont_email_post_to_subs":false,"_jetpack_newsletter_tier_id":0,"_jetpack_memberships_contains_paywalled_content":false,"_jetpack_memberships_contains_paid_content":false,"footnotes":"","jetpack_publicize_message":"La pandemia de Covid-19 ha dejado 6,951 muertos en Yucat\u00e1n.","jetpack_publicize_feature_enabled":true,"jetpack_social_post_already_shared":true,"jetpack_social_options":{"image_generator_settings":{"template":"highway","default_image_id":0,"font":"","enabled":false},"version":2}},"categories":[54],"tags":[],"class_list":["post-101367","post","type-post","status-publish","format-standard","has-post-thumbnail","hentry","category-yucatan"],"jetpack_publicize_connections":[],"jetpack_featured_media_url":"https:\/\/formalprision.com\/wp-content\/uploads\/2022\/07\/IMG_20220710_173103_161.jpg","jetpack_sharing_enabled":true,"jetpack_shortlink":"https:\/\/wp.me\/p6id8p-qmX","_links":{"self":[{"href":"https:\/\/formalprision.com\/index.php?rest_route=\/wp\/v2\/posts\/101367","targetHints":{"allow":["GET"]}}],"collection":[{"href":"https:\/\/formalprision.com\/index.php?rest_route=\/wp\/v2\/posts"}],"about":[{"href":"https:\/\/formalprision.com\/index.php?rest_route=\/wp\/v2\/types\/post"}],"author":[{"embeddable":true,"href":"https:\/\/formalprision.com\/index.php?rest_route=\/wp\/v2\/users\/2"}],"replies":[{"embeddable":true,"href":"https:\/\/formalprision.com\/index.php?rest_route=%2Fwp%2Fv2%2Fcomments&post=101367"}],"version-history":[{"count":0,"href":"https:\/\/formalprision.com\/index.php?rest_route=\/wp\/v2\/posts\/101367\/revisions"}],"wp:featuredmedia":[{"embeddable":true,"href":"https:\/\/formalprision.com\/index.php?rest_route=\/wp\/v2\/media\/101369"}],"wp:attachment":[{"href":"https:\/\/formalprision.com\/index.php?rest_route=%2Fwp%2Fv2%2Fmedia&parent=101367"}],"wp:term":[{"taxonomy":"category","embeddable":true,"href":"https:\/\/formalprision.com\/index.php?rest_route=%2Fwp%2Fv2%2Fcategories&post=101367"},{"taxonomy":"post_tag","embeddable":true,"href":"https:\/\/formalprision.com\/index.php?rest_route=%2Fwp%2Fv2%2Ftags&post=101367"}],"curies":[{"name":"wp","href":"https:\/\/api.w.org\/{rel}","templated":true}]}}