{"id":101377,"date":"2022-07-11T08:17:49","date_gmt":"2022-07-11T13:17:49","guid":{"rendered":"http:\/\/formalprision.com\/?p=101377"},"modified":"2022-07-11T23:36:54","modified_gmt":"2022-07-12T04:36:54","slug":"ya-viene-la-expo-bazar-de-plantas-el-sabado-16-de-julio-en-mejorada","status":"publish","type":"post","link":"https:\/\/formalprision.com\/?p=101377","title":{"rendered":"Ya viene la Expo Bazar de Plantas, el s\u00e1bado 16 de julio en Mejorada"},"content":{"rendered":"\n<p>M\u00c9RIDA.- No te pierdas el pr\u00f3ximo s\u00e1bado 16 de julio la Expo Bazar de Plantas, en el parque de Mejorada, de 8 de la ma\u00f1ana a 4 de la tarde.<\/p>\n\n\n\n<p>Esta actividad, que organiza el Grupo Manos Verdes, tiene como finalidad contribuir a la reactivaci\u00f3n econ\u00f3mica, que en el caso de los productores de plantas de ornato la crisis de la pandemia les ha pegado fuerte, igual que a muchos sectores.<\/p>\n\n\n\n<p>En la expo los amantes de la naturaleza podr\u00e1n encontrar gran variedad de plantas de ornato, como flores de diversas especies, as\u00ed como suculentas y plantas ex\u00f3ticas para decorar los jardines e interiores de la casa.<\/p>\n\n\n\n<p>Manos Verdes agrupa a diversos productores que se organizaron para tener m\u00e1s fuerza en esta actividad, que representa el sustento de muchas familias yucatecas.<\/p>\n","protected":false},"excerpt":{"rendered":"<p>M\u00c9RIDA.- No te pierdas el pr\u00f3ximo s\u00e1bado 16 de julio la Expo Bazar de Plantas, en el parque de Mejorada, de 8 de la ma\u00f1ana a 4 de la tarde.<\/p>\n","protected":false},"author":2,"featured_media":101379,"comment_status":"open","ping_status":"open","sticky":false,"template":"","format":"standard","meta":{"jetpack_post_was_ever_published":false,"_jetpack_newsletter_access":"","_jetpack_dont_email_post_to_subs":false,"_jetpack_newsletter_tier_id":0,"_jetpack_memberships_contains_paywalled_content":false,"_jetpack_memberships_contains_paid_content":false,"footnotes":"","jetpack_publicize_message":"De 8 de la ma\u00f1ana a 4 de la tarde podr\u00e1s encontrar gran variedad en la Expo Bazar de Plantas, el s\u00e1bado 16 de julio en el parque de Mejorada, en el centro de #M\u00e9rida.","jetpack_publicize_feature_enabled":true,"jetpack_social_post_already_shared":true,"jetpack_social_options":{"image_generator_settings":{"template":"highway","default_image_id":0,"font":"","enabled":false},"version":2}},"categories":[14],"tags":[],"class_list":["post-101377","post","type-post","status-publish","format-standard","has-post-thumbnail","hentry","category-merida"],"jetpack_publicize_connections":[],"jetpack_featured_media_url":"https:\/\/formalprision.com\/wp-content\/uploads\/2022\/07\/WhatsApp-Image-2022-07-10-at-11.03.10-AM.jpeg","jetpack_sharing_enabled":true,"jetpack_shortlink":"https:\/\/wp.me\/p6id8p-qn7","_links":{"self":[{"href":"https:\/\/formalprision.com\/index.php?rest_route=\/wp\/v2\/posts\/101377","targetHints":{"allow":["GET"]}}],"collection":[{"href":"https:\/\/formalprision.com\/index.php?rest_route=\/wp\/v2\/posts"}],"about":[{"href":"https:\/\/formalprision.com\/index.php?rest_route=\/wp\/v2\/types\/post"}],"author":[{"embeddable":true,"href":"https:\/\/formalprision.com\/index.php?rest_route=\/wp\/v2\/users\/2"}],"replies":[{"embeddable":true,"href":"https:\/\/formalprision.com\/index.php?rest_route=%2Fwp%2Fv2%2Fcomments&post=101377"}],"version-history":[{"count":0,"href":"https:\/\/formalprision.com\/index.php?rest_route=\/wp\/v2\/posts\/101377\/revisions"}],"wp:featuredmedia":[{"embeddable":true,"href":"https:\/\/formalprision.com\/index.php?rest_route=\/wp\/v2\/media\/101379"}],"wp:attachment":[{"href":"https:\/\/formalprision.com\/index.php?rest_route=%2Fwp%2Fv2%2Fmedia&parent=101377"}],"wp:term":[{"taxonomy":"category","embeddable":true,"href":"https:\/\/formalprision.com\/index.php?rest_route=%2Fwp%2Fv2%2Fcategories&post=101377"},{"taxonomy":"post_tag","embeddable":true,"href":"https:\/\/formalprision.com\/index.php?rest_route=%2Fwp%2Fv2%2Ftags&post=101377"}],"curies":[{"name":"wp","href":"https:\/\/api.w.org\/{rel}","templated":true}]}}