{"id":101380,"date":"2022-07-11T10:26:14","date_gmt":"2022-07-11T15:26:14","guid":{"rendered":"http:\/\/formalprision.com\/?p=101380"},"modified":"2022-07-11T22:46:21","modified_gmt":"2022-07-12T03:46:21","slug":"jovencito-visionario-va-de-la-ciudad-al-campo-para-convertirse-en-sembrador","status":"publish","type":"post","link":"https:\/\/formalprision.com\/?p=101380","title":{"rendered":"Jovencito visionario: va de la ciudad al campo para convertirse en sembrador"},"content":{"rendered":"\n<p>M\u00c9RIDA.- A m\u00e1s de uno podr\u00eda parecerle como un mundo al rev\u00e9s. En la mayor\u00eda de los pa\u00edses los j\u00f3venes del campo suelen abandonar sus cultivos y emigrar a las ciudades en busca de un trabajo menos rudo y un mejor nivel de vida. Pero un jovencito de M\u00e9rida, Marcos Leonel G\u00f3mez Balam, quien a los 14 a\u00f1os de edad acaba de concluir sus estudios en la Escuel Secundaria Federal No. 8, hace todo lo contrario.<\/p>\n\n\n\n<p>Despu\u00e9s de cada fin de curso escolar visita a sus t\u00edos que en Nolo, comisar\u00eda de Tixkokob, participan en el programa federal Sembrando Vida, que ahora, tras un llamado del presidente de M\u00e9xico, Andr\u00e9s Manuel L\u00f3pez Obrador, har\u00e1 hincapi\u00e9 en el cultivo de alimentos b\u00e1sicos como el frijol y el ma\u00edz.<\/p>\n\n\n\n<p>Esta vez los visit\u00f3 el mismo d\u00eda que termin\u00f3 el curso escolar y, alejado un poco de los videojuegos por los que muestra predilecci\u00f3n, pudo ayudar a sus familiares, el s\u00e1bado pasado, en la Feria de Tandas para el Bienestar, celebrado en el domo del Palacio Municipal de Tixkokob, en un puesto en el que se expusieron orqu\u00eddeas.<\/p>\n\n\n\n<p>El espigado adolescente, quien ya aprob\u00f3 el examen de admisi\u00f3n en el Cobay de Chenk\u00fa, donde tendr\u00e1 beca, apoya tambi\u00e9n a los familiares de sus t\u00edos en la siembra y mantenimiento de \u00e1rboles frutales o maderables y plantas nativas como achiote, pitahaya y chac\u00e1.<\/p>\n\n\n\n<p>En los primeros d\u00edas de cada temporada vacacional sus manos de ni\u00f1o de ciudad se llenan de ampollas, pero su juvenil entusiasmo les resta importancia. Para descansar un poco, apoya en el manejo y revisi\u00f3n de abejas nativas sin aguij\u00f3n (abeja sagrada de los mayas), revisando y alimentando colmenas d\u00e9biles, seleccionando y trasladando colmenas estables y fuertes para entregar a otros productores o compradores interesados en el manejo de estas especies.<\/p>\n\n\n\n<p>Entre sus numerosas actividades en Nolo se cuenta la elaboraci\u00f3n de gomitas de prop\u00f3leo con miel, que se utilizan con fines medicinales.<br>Un d\u00eda antes de la feria, el viernes, apoy\u00f3 en talleres de capacitacion sobre la elaboraci\u00f3n de jabones medicinales con miel de melipona a un grupo de mujeres en Maxcan\u00fa. Este domingo, el jovenazo viaj\u00f3 con sus t\u00edos a Takunch\u00e9n, Campeche, para entregar unos jobones en un meliponario de esa localidad.<\/p>\n\n\n\n<p>De la vista nace el amor, y entre tanta actividad con las abejas, Marcos Leonel ha externado sus deseos de adquirir una colmenita para irla reproduciendo con el tiempo. En fin, unas vacaciones que a muchos podr\u00edan parecerles aburridas, pero que al adolescente, hijo de Steicy Rub\u00ed Balam Ballote, le parecen de pel\u00edcula.<\/p>\n","protected":false},"excerpt":{"rendered":"<p>M\u00c9RIDA.- A m\u00e1s de uno podr\u00eda parecerle como un mundo al rev\u00e9s. En la mayor\u00eda de los pa\u00edses los j\u00f3venes del campo suelen abandonar sus cultivos y emigrar a las<\/p>\n","protected":false},"author":2,"featured_media":101382,"comment_status":"open","ping_status":"open","sticky":false,"template":"","format":"standard","meta":{"jetpack_post_was_ever_published":false,"_jetpack_newsletter_access":"","_jetpack_dont_email_post_to_subs":false,"_jetpack_newsletter_tier_id":0,"_jetpack_memberships_contains_paywalled_content":false,"_jetpack_memberships_contains_paid_content":false,"footnotes":"","jetpack_publicize_message":"La historia de Marcos Leonel G\u00f3mez Balam, de 14 a\u00f1os, podr\u00eda parecer extra\u00f1a, pero ante el encarecimiento y la escasez de los alimentos, su actitud es visionaria.","jetpack_publicize_feature_enabled":true,"jetpack_social_post_already_shared":true,"jetpack_social_options":{"image_generator_settings":{"template":"highway","default_image_id":0,"font":"","enabled":false},"version":2}},"categories":[54],"tags":[],"class_list":["post-101380","post","type-post","status-publish","format-standard","has-post-thumbnail","hentry","category-yucatan"],"jetpack_publicize_connections":[],"jetpack_featured_media_url":"https:\/\/formalprision.com\/wp-content\/uploads\/2022\/07\/WhatsApp-Image-2022-07-10-at-10.45.49-PM-1.jpeg","jetpack_sharing_enabled":true,"jetpack_shortlink":"https:\/\/wp.me\/p6id8p-qna","_links":{"self":[{"href":"https:\/\/formalprision.com\/index.php?rest_route=\/wp\/v2\/posts\/101380","targetHints":{"allow":["GET"]}}],"collection":[{"href":"https:\/\/formalprision.com\/index.php?rest_route=\/wp\/v2\/posts"}],"about":[{"href":"https:\/\/formalprision.com\/index.php?rest_route=\/wp\/v2\/types\/post"}],"author":[{"embeddable":true,"href":"https:\/\/formalprision.com\/index.php?rest_route=\/wp\/v2\/users\/2"}],"replies":[{"embeddable":true,"href":"https:\/\/formalprision.com\/index.php?rest_route=%2Fwp%2Fv2%2Fcomments&post=101380"}],"version-history":[{"count":0,"href":"https:\/\/formalprision.com\/index.php?rest_route=\/wp\/v2\/posts\/101380\/revisions"}],"wp:featuredmedia":[{"embeddable":true,"href":"https:\/\/formalprision.com\/index.php?rest_route=\/wp\/v2\/media\/101382"}],"wp:attachment":[{"href":"https:\/\/formalprision.com\/index.php?rest_route=%2Fwp%2Fv2%2Fmedia&parent=101380"}],"wp:term":[{"taxonomy":"category","embeddable":true,"href":"https:\/\/formalprision.com\/index.php?rest_route=%2Fwp%2Fv2%2Fcategories&post=101380"},{"taxonomy":"post_tag","embeddable":true,"href":"https:\/\/formalprision.com\/index.php?rest_route=%2Fwp%2Fv2%2Ftags&post=101380"}],"curies":[{"name":"wp","href":"https:\/\/api.w.org\/{rel}","templated":true}]}}