{"id":101385,"date":"2022-07-11T11:19:05","date_gmt":"2022-07-11T16:19:05","guid":{"rendered":"http:\/\/formalprision.com\/?p=101385"},"modified":"2022-07-11T22:45:54","modified_gmt":"2022-07-12T03:45:54","slug":"fueron-a-un-concierto-estacionaron-sus-autos-en-walmart-y-la-tienda-los-encerro","status":"publish","type":"post","link":"https:\/\/formalprision.com\/?p=101385","title":{"rendered":"Van al concierto, dejan sus autos en Walmart y la tienda los encierra"},"content":{"rendered":"\n<p>PLAYA DEL CARMEN.- A muchas personas que asistieron al concierto de Gloria Trevi, a un costado del Palacio Municipal, se les hizo f\u00e1cil dejar sus autom\u00f3viles en el estacionamiento de la tienda Wal Mart, pero por pasarse de listos la tienda se las aplic\u00f3.<\/p>\n\n\n\n<p>Resulta que estos aprovechados terminaron esperando m\u00e1s de una hora para que liberaran sus veh\u00edculos, que se quedaron encerrados porque la tienda cerr\u00f3 y, al hacerlo, tambi\u00e9n cerr\u00f3 su estacionamiento.<\/p>\n\n\n\n<p>Se arm\u00f3 un gran alboroto porque la tienda aleg\u00f3 que concluy\u00f3 su horario de labores, y que no podr\u00eda su estacionamiento sino hasta el d\u00eda siguiente, a las 7 de la ma\u00f1ana.<\/p>\n\n\n\n<p>Ante la gran cantidad de gente que enfrentaba este problema, tuvieron que intervenir las autoridades, y los aprovechados que quer\u00edan estacionamiento techado y gratuito tuvieron que esperar m\u00e1s de una hora a que llegue el encargado para recuperar sus autom\u00f3viles.<\/p>\n","protected":false},"excerpt":{"rendered":"<p>PLAYA DEL CARMEN.- A muchas personas que asistieron al concierto de Gloria Trevi, a un costado del Palacio Municipal, se les hizo f\u00e1cil dejar sus autom\u00f3viles en el estacionamiento de<\/p>\n","protected":false},"author":2,"featured_media":101387,"comment_status":"open","ping_status":"open","sticky":false,"template":"","format":"standard","meta":{"jetpack_post_was_ever_published":false,"_jetpack_newsletter_access":"","_jetpack_dont_email_post_to_subs":false,"_jetpack_newsletter_tier_id":0,"_jetpack_memberships_contains_paywalled_content":false,"_jetpack_memberships_contains_paid_content":false,"footnotes":"","jetpack_publicize_message":"A quienes fueron al concierto de Gloria Trevi en Playa del Carmen se les hizo f\u00e1cil estacionarse en Walmart, pero la tienda se las aplic\u00f3 y les encerr\u00f3 sus autos.","jetpack_publicize_feature_enabled":true,"jetpack_social_post_already_shared":true,"jetpack_social_options":{"image_generator_settings":{"template":"highway","default_image_id":0,"font":"","enabled":false},"version":2}},"categories":[21,54],"tags":[],"class_list":["post-101385","post","type-post","status-publish","format-standard","has-post-thumbnail","hentry","category-nacionales","category-yucatan"],"jetpack_publicize_connections":[],"jetpack_featured_media_url":"https:\/\/formalprision.com\/wp-content\/uploads\/2022\/07\/wal.jpg","jetpack_sharing_enabled":true,"jetpack_shortlink":"https:\/\/wp.me\/p6id8p-qnf","_links":{"self":[{"href":"https:\/\/formalprision.com\/index.php?rest_route=\/wp\/v2\/posts\/101385","targetHints":{"allow":["GET"]}}],"collection":[{"href":"https:\/\/formalprision.com\/index.php?rest_route=\/wp\/v2\/posts"}],"about":[{"href":"https:\/\/formalprision.com\/index.php?rest_route=\/wp\/v2\/types\/post"}],"author":[{"embeddable":true,"href":"https:\/\/formalprision.com\/index.php?rest_route=\/wp\/v2\/users\/2"}],"replies":[{"embeddable":true,"href":"https:\/\/formalprision.com\/index.php?rest_route=%2Fwp%2Fv2%2Fcomments&post=101385"}],"version-history":[{"count":0,"href":"https:\/\/formalprision.com\/index.php?rest_route=\/wp\/v2\/posts\/101385\/revisions"}],"wp:featuredmedia":[{"embeddable":true,"href":"https:\/\/formalprision.com\/index.php?rest_route=\/wp\/v2\/media\/101387"}],"wp:attachment":[{"href":"https:\/\/formalprision.com\/index.php?rest_route=%2Fwp%2Fv2%2Fmedia&parent=101385"}],"wp:term":[{"taxonomy":"category","embeddable":true,"href":"https:\/\/formalprision.com\/index.php?rest_route=%2Fwp%2Fv2%2Fcategories&post=101385"},{"taxonomy":"post_tag","embeddable":true,"href":"https:\/\/formalprision.com\/index.php?rest_route=%2Fwp%2Fv2%2Ftags&post=101385"}],"curies":[{"name":"wp","href":"https:\/\/api.w.org\/{rel}","templated":true}]}}