{"id":101395,"date":"2022-07-11T13:23:27","date_gmt":"2022-07-11T18:23:27","guid":{"rendered":"http:\/\/formalprision.com\/?p=101395"},"modified":"2022-07-12T08:22:49","modified_gmt":"2022-07-12T13:22:49","slug":"mario-peraza-llama-a-rodriguez-asaf-el-personaje-oculto-de-la-mafia-inmobiliaria","status":"publish","type":"post","link":"https:\/\/formalprision.com\/?p=101395","title":{"rendered":"El diputado Mario Peraza no le tiene miedo a Rodr\u00edguez Asaf y lo exhibe"},"content":{"rendered":"\n<p>M\u00c9RIDA.- El diputado Mario Peraza acus\u00f3 al ex secretario de Gobierno, Roberto Rodr\u00edguez Asaf, de ser el verdadero l\u00edder de la mafia inmobiliaria que pretende despojar de tierras a ejidatarios de Cheum\u00e1n, Sey\u00e9, Hunucm\u00e1 y otros municipios, as\u00ed como terrenos propiedad de la naci\u00f3n.<\/p>\n\n\n\n<p>Directamente, el legislador por PVEM-PT-Morena se\u00f1al\u00f3 al ex alcalde de Izamal de estar detr\u00e1s de un grupo de empresarios corruptos que bajo enga\u00f1os se apropian de tierras ejidales, las cuales compran a precios de hambre y ellos las venden en millones de pesos aprovechando la plusval\u00eda que alcanza la tierra en algunas zonas de Yucat\u00e1n.<\/p>\n\n\n\n<p>En el caso de Cheum\u00e1n, donde ayer Mario Peraza encabez\u00f3 una asamblea informativa, gracias al despacho del abogado Armando Ceballos, los ejidatarios lograron recuperar 221 hect\u00e1reas que ahora vuelven al n\u00facleo agrario ubicado en esa zona comisar\u00eda de M\u00e9rida.<\/p>\n\n\n\n<p>El equipo del abogado Armando Ceballos, en el que tambi\u00e9n participan las abogadas Xail Gonz\u00e1lez y Elid\u00e9 Silveira, est\u00e1 por ganarles a esos empresarios corruptos otros casos.<\/p>\n\n\n\n<p>La respuesta de los mafiosos inmobiliarios y su \u00abl\u00edder oculto\u00bb, como llam\u00f3 Mario Peraza a Rodr\u00edguez Asaf, fueron ataques y difamaciones en la prensa contra el diputado federal y contra el abogado Armando Ceballos.<\/p>\n\n\n\n<p>\u00abNos acusaron de ser parte de la mafia inmobiliaria y de apropiarnos de tierras, cuando es todo lo contrario, ellos son los mafiosos que despojan de tierras a los pobres y pretenden quedarse con terrenos propiedad de la naci\u00f3n\u00bb, revir\u00f3 Mario Peraza en entrevista posterior a la asamblea en Cheum\u00e1n.<\/p>\n\n\n\n<p>\u00abNos expusimos a que nos est\u00e9n golpeando en la prensa, a que nos est\u00e9n difamando, pero no dijimos ni p\u00edo porque sab\u00edamos que era la respuesta, porque sab\u00edamos que una semana despu\u00e9s de que sali\u00f3 la sentencia (a favor de los ejidatarios) comenzaron los ataques\u00bb, revel\u00f3 Mario Peraza.<\/p>\n\n\n\n<p>\u00abTrataron de hacernos ver a nosotros como los despojadores cuando en realidad los que despojaron o pretend\u00edan despojar eran otros, y quien est\u00e1 detr\u00e1s de esa gente es un personaje que muy pocas veces aparece en la pel\u00edcula\u00bb, asegur\u00f3.<\/p>\n\n\n\n<p>\u00abEn el teatro le llaman el personaje oculto, el que hace las cosas, saben que existe, pero no saben qui\u00e9n es, y hay uno que es funcionario, que estuvo detr\u00e1s durante el tiempo que tuvo poder para apoyar a esta gente, para que les quiten sus tierras a ustedes (los ejidatarios), tiene nombre y apellido, y reconozco al abogado (Armando Ceballos) que por \u00e9tica profesional no lo dice, pero yo s\u00ed lo puedo decir, se llama Roberto Rodr\u00edguez Asaf, el ex secretario de Gobierno\u00bb, revel\u00f3.<\/p>\n\n\n\n<p>\u00ab\u00c9l (Rodr\u00edguez Asaf) encabeza esa mafia que se ha dedicado, no solamente a despojar ejidos, sino tambi\u00e9n a robarse terrenos de la naci\u00f3n\u00bb, arremeti\u00f3.<\/p>\n","protected":false},"excerpt":{"rendered":"<p>M\u00c9RIDA.- El diputado Mario Peraza acus\u00f3 al ex secretario de Gobierno, Roberto Rodr\u00edguez Asaf, de ser el verdadero l\u00edder de la mafia inmobiliaria que pretende despojar de tierras a ejidatarios<\/p>\n","protected":false},"author":2,"featured_media":101398,"comment_status":"open","ping_status":"open","sticky":false,"template":"","format":"standard","meta":{"jetpack_post_was_ever_published":false,"_jetpack_newsletter_access":"","_jetpack_dont_email_post_to_subs":false,"_jetpack_newsletter_tier_id":0,"_jetpack_memberships_contains_paywalled_content":false,"_jetpack_memberships_contains_paid_content":false,"footnotes":"","jetpack_publicize_message":"Mario Peraza acus\u00f3 a Roberto Rodr\u00edguez Asaf, ex secretario de Gobierno, de estar detr\u00e1s de la mafia inmobiliaria y de los ataques contra el legislador.","jetpack_publicize_feature_enabled":true,"jetpack_social_post_already_shared":true,"jetpack_social_options":{"image_generator_settings":{"template":"highway","default_image_id":0,"font":"","enabled":false},"version":2}},"categories":[54],"tags":[],"class_list":["post-101395","post","type-post","status-publish","format-standard","has-post-thumbnail","hentry","category-yucatan"],"jetpack_publicize_connections":[],"jetpack_featured_media_url":"https:\/\/formalprision.com\/wp-content\/uploads\/2022\/07\/WhatsApp-Image-2022-07-10-at-1.21.16-PM.jpeg","jetpack_sharing_enabled":true,"jetpack_shortlink":"https:\/\/wp.me\/p6id8p-qnp","_links":{"self":[{"href":"https:\/\/formalprision.com\/index.php?rest_route=\/wp\/v2\/posts\/101395","targetHints":{"allow":["GET"]}}],"collection":[{"href":"https:\/\/formalprision.com\/index.php?rest_route=\/wp\/v2\/posts"}],"about":[{"href":"https:\/\/formalprision.com\/index.php?rest_route=\/wp\/v2\/types\/post"}],"author":[{"embeddable":true,"href":"https:\/\/formalprision.com\/index.php?rest_route=\/wp\/v2\/users\/2"}],"replies":[{"embeddable":true,"href":"https:\/\/formalprision.com\/index.php?rest_route=%2Fwp%2Fv2%2Fcomments&post=101395"}],"version-history":[{"count":0,"href":"https:\/\/formalprision.com\/index.php?rest_route=\/wp\/v2\/posts\/101395\/revisions"}],"wp:featuredmedia":[{"embeddable":true,"href":"https:\/\/formalprision.com\/index.php?rest_route=\/wp\/v2\/media\/101398"}],"wp:attachment":[{"href":"https:\/\/formalprision.com\/index.php?rest_route=%2Fwp%2Fv2%2Fmedia&parent=101395"}],"wp:term":[{"taxonomy":"category","embeddable":true,"href":"https:\/\/formalprision.com\/index.php?rest_route=%2Fwp%2Fv2%2Fcategories&post=101395"},{"taxonomy":"post_tag","embeddable":true,"href":"https:\/\/formalprision.com\/index.php?rest_route=%2Fwp%2Fv2%2Ftags&post=101395"}],"curies":[{"name":"wp","href":"https:\/\/api.w.org\/{rel}","templated":true}]}}