{"id":101402,"date":"2022-07-11T19:34:32","date_gmt":"2022-07-12T00:34:32","guid":{"rendered":"http:\/\/formalprision.com\/?p=101402"},"modified":"2022-07-11T20:15:38","modified_gmt":"2022-07-12T01:15:38","slug":"murio-el-papa-emerito-benedicto-xvi-a-los-95-anos","status":"publish","type":"post","link":"https:\/\/formalprision.com\/?p=101402","title":{"rendered":"Muri\u00f3 el Papa em\u00e9rito Benedicto XVI a los 95 a\u00f1os."},"content":{"rendered":"\n<p>Joseph Aloisius Ratzinger  muri\u00f3 en el monasterio <strong>vaticano<\/strong> d\u00f3nde resid\u00eda desde mayo de 2013. <\/p>\n\n\n\n<p>La noticia la dio a conocer la Conferencia Episcopal Alemana<\/p>\n\n\n\n<p>Georg B\u00e4tzing, presidente de la Conferencia Episcopal Alemana, dio a conocer que el papa em\u00e9rito <a href=\"https:\/\/mobile.twitter.com\/hashtag\/BenedictoXVI?src=hashtag_click\">#BenedictoXVI<\/a> falleci\u00f3 este lunes a los 95 a\u00f1os. <\/p>\n\n\n\n<p>Joseph Ratzinger fue el primer papa en renunciar al cargo en m\u00e1s de 500 a\u00f1os<\/p>\n","protected":false},"excerpt":{"rendered":"<p>Joseph Aloisius Ratzinger muri\u00f3 en el monasterio vaticano d\u00f3nde resid\u00eda desde mayo de 2013. La noticia la dio a conocer la Conferencia Episcopal Alemana Georg B\u00e4tzing, presidente de la Conferencia<\/p>\n","protected":false},"author":1,"featured_media":101403,"comment_status":"open","ping_status":"open","sticky":false,"template":"","format":"standard","meta":{"jetpack_post_was_ever_published":false,"_jetpack_newsletter_access":"","_jetpack_dont_email_post_to_subs":false,"_jetpack_newsletter_tier_id":0,"_jetpack_memberships_contains_paywalled_content":false,"_jetpack_memberships_contains_paid_content":false,"footnotes":"","jetpack_publicize_message":"Joseph Ratzinger fue el primer papa en renunciar al cargo en m\u00e1s de 500 a\u00f1os","jetpack_publicize_feature_enabled":true,"jetpack_social_post_already_shared":true,"jetpack_social_options":{"image_generator_settings":{"template":"highway","default_image_id":0,"font":"","enabled":false},"version":2}},"categories":[44],"tags":[],"class_list":["post-101402","post","type-post","status-publish","format-standard","has-post-thumbnail","hentry","category-morgue"],"jetpack_publicize_connections":[],"jetpack_featured_media_url":"https:\/\/formalprision.com\/wp-content\/uploads\/2022\/07\/Screenshot_20220711_193105.jpg","jetpack_sharing_enabled":true,"jetpack_shortlink":"https:\/\/wp.me\/p6id8p-qnw","_links":{"self":[{"href":"https:\/\/formalprision.com\/index.php?rest_route=\/wp\/v2\/posts\/101402","targetHints":{"allow":["GET"]}}],"collection":[{"href":"https:\/\/formalprision.com\/index.php?rest_route=\/wp\/v2\/posts"}],"about":[{"href":"https:\/\/formalprision.com\/index.php?rest_route=\/wp\/v2\/types\/post"}],"author":[{"embeddable":true,"href":"https:\/\/formalprision.com\/index.php?rest_route=\/wp\/v2\/users\/1"}],"replies":[{"embeddable":true,"href":"https:\/\/formalprision.com\/index.php?rest_route=%2Fwp%2Fv2%2Fcomments&post=101402"}],"version-history":[{"count":0,"href":"https:\/\/formalprision.com\/index.php?rest_route=\/wp\/v2\/posts\/101402\/revisions"}],"wp:featuredmedia":[{"embeddable":true,"href":"https:\/\/formalprision.com\/index.php?rest_route=\/wp\/v2\/media\/101403"}],"wp:attachment":[{"href":"https:\/\/formalprision.com\/index.php?rest_route=%2Fwp%2Fv2%2Fmedia&parent=101402"}],"wp:term":[{"taxonomy":"category","embeddable":true,"href":"https:\/\/formalprision.com\/index.php?rest_route=%2Fwp%2Fv2%2Fcategories&post=101402"},{"taxonomy":"post_tag","embeddable":true,"href":"https:\/\/formalprision.com\/index.php?rest_route=%2Fwp%2Fv2%2Ftags&post=101402"}],"curies":[{"name":"wp","href":"https:\/\/api.w.org\/{rel}","templated":true}]}}