{"id":101408,"date":"2022-07-11T23:06:59","date_gmt":"2022-07-12T04:06:59","guid":{"rendered":"http:\/\/formalprision.com\/?p=101408"},"modified":"2022-07-11T23:06:59","modified_gmt":"2022-07-12T04:06:59","slug":"propuestas-del-ejecutivo-para-el-tribunal-de-trabajadores-al-servicio-del-estado-y-municipios","status":"publish","type":"post","link":"https:\/\/formalprision.com\/?p=101408","title":{"rendered":"Propuestas del Ejecutivo para el Tribunal de Trabajadores al Servicio del Estado y Municipios"},"content":{"rendered":"\n<p>M\u00e9rida, Yucat\u00e1n, 11 de julio de 2022.- El Ejecutivo del Estado envi\u00f3 al Poder Legislativo dos propuestas de terna para integrar el Tribunal de los Trabajadores al Servicio del Estado y Municipios.<\/p>\n\n\n\n<p>ElConsejero Jur\u00eddico del Gobierno del Estado, Yussif Heredia Fritz, entreg\u00f3 al secretario General del Congreso, Adri\u00e1n Anguiano Aguilar, ambas propuestas integradas, una por Mar\u00eda Guadalupe Sol\u00eds Rivera, Paloma de la Paz Angulo Su\u00e1rez y Nelvy Guadalupe Sosa Escalante y otra por Sandra Edith Alonzo Mendoza, C\u00e9sar Enrique Ferreyro Rosado y William de Jes\u00fas Vela Pe\u00f3n.<\/p>\n\n\n\n<p>Mar\u00eda Guadalupe Sol\u00eds Rivera es licenciada en Derecho por la escuela Justo Sierra O&#8217;Reilly de la CTM y cuenta con varios cursos y diplomados relacionados con impartici\u00f3n de justicia y mediaci\u00f3n. Actualmente se desempe\u00f1a como procuradora de la Defensa de los Trabajadores al Servicio de los Estados y Municipios. Su carrera ha estado vinculada a la Junta local de Conciliaci\u00f3n y Arbitraje en temas relacionados con trabajadores.<\/p>\n\n\n\n<p>Paloma de la Paz Angulo Su\u00e1rez es egresada de la Facultad de Derecho de la Universidad Aut\u00f3noma de Yucat\u00e1n (UADY) y tiene una maestr\u00eda en Econom\u00eda por la misma casa de estudios. Ha trabajado en diversos despachos jur\u00eddicos en las \u00e1reas laboral, mercantil, civil y penal. Ha ocupado cargos en la administraci\u00f3n estatal y municipal y ha laborado en el IMSS. Tambi\u00e9n se desempe\u00f1\u00f3 como regidora del ayuntamiento de M\u00e9rida en el periodo 2012-2015.&nbsp;<\/p>\n\n\n\n<p>Nelvy Guadalupe Sosa Escalante es abogada por la Facultad de Derecho de la Universidad Aut\u00f3noma de Yucat\u00e1n (UADY) y trabaja en la Junta Local de Conciliaci\u00f3n y Arbitraje. Ha laborado en diversos despachos jur\u00eddicos y ha trabajado en el Ayuntamiento de M\u00e9rida.<\/p>\n\n\n\n<p>Sandra Edith Alonzo Mendoza es licenciada en Derecho por el Centro de Estudios Superiores Justo Sierra O&#8217;Reilly de la CTM y cuenta con maestr\u00eda en Derecho Procesal Laboral por el Centro de Estudios de Posgrado. Trabaja en la Junta Local de Conciliaci\u00f3n y Arbitraje y ha laborado en la Auditor\u00eda Superior del Estado, la C\u00e1mara Nacional de Comercio, Servicios y Turismo de M\u00e9rida, la Fiscal\u00eda de Yucat\u00e1n, el Tribunal de Justicia Electoral y Administrativa del Estado y en diversos despachos legales.&nbsp;<\/p>\n\n\n\n<p>C\u00e9sar Enrique Ferreyro Rosado es licenciado en Derecho por la Universidad Aut\u00f3noma de Yucat\u00e1n (UADY). Ha desempe\u00f1ado cargos en la administraci\u00f3n estatal y ha sido apoderado legal de varias empresas. Tambi\u00e9n ha trabajado con el Banco Interamericano de Desarrollo (BID).<\/p>\n\n\n\n<p>William de Jes\u00fas Vela Pe\u00f3n es egresado de la licenciatura en Derecho de la Universidad An\u00e1huac Mayab donde tambi\u00e9n realiz\u00f3 una maestr\u00eda en Derecho Corporativo. Ha desempe\u00f1ado cargos en la administraci\u00f3n p\u00fablica de Yucat\u00e1n y trabajado en notar\u00edas p\u00fablicas y despachos legales privados. Tambi\u00e9n se ha desempe\u00f1ado como abogado corporativo para varias empresas.<\/p>\n","protected":false},"excerpt":{"rendered":"<p>M\u00e9rida, Yucat\u00e1n, 11 de julio de 2022.- El Ejecutivo del Estado envi\u00f3 al Poder Legislativo dos propuestas de terna para integrar el Tribunal de los Trabajadores al Servicio del Estado<\/p>\n","protected":false},"author":1,"featured_media":101409,"comment_status":"open","ping_status":"open","sticky":false,"template":"","format":"standard","meta":{"jetpack_post_was_ever_published":false,"_jetpack_newsletter_access":"","_jetpack_dont_email_post_to_subs":false,"_jetpack_newsletter_tier_id":0,"_jetpack_memberships_contains_paywalled_content":false,"_jetpack_memberships_contains_paid_content":false,"footnotes":"","jetpack_publicize_message":"Mar\u00eda Guadalupe Sol\u00eds Rivera, Paloma de la Paz Angulo Su\u00e1rez y Nelvy Guadalupe Sosa Escalante.-La segunda propuesta est\u00e1 integrada por Sandra Edith Alonzo Mendoza, C\u00e9sar Enrique Ferreyro Rosado y William de Jes\u00fas Vela Pe\u00f3n.","jetpack_publicize_feature_enabled":true,"jetpack_social_post_already_shared":true,"jetpack_social_options":{"image_generator_settings":{"template":"highway","default_image_id":0,"font":"","enabled":false},"version":2}},"categories":[14],"tags":[],"class_list":["post-101408","post","type-post","status-publish","format-standard","has-post-thumbnail","hentry","category-merida"],"jetpack_publicize_connections":[],"jetpack_featured_media_url":"https:\/\/formalprision.com\/wp-content\/uploads\/2022\/07\/Screenshot_20220711_225841.jpg","jetpack_sharing_enabled":true,"jetpack_shortlink":"https:\/\/wp.me\/p6id8p-qnC","_links":{"self":[{"href":"https:\/\/formalprision.com\/index.php?rest_route=\/wp\/v2\/posts\/101408","targetHints":{"allow":["GET"]}}],"collection":[{"href":"https:\/\/formalprision.com\/index.php?rest_route=\/wp\/v2\/posts"}],"about":[{"href":"https:\/\/formalprision.com\/index.php?rest_route=\/wp\/v2\/types\/post"}],"author":[{"embeddable":true,"href":"https:\/\/formalprision.com\/index.php?rest_route=\/wp\/v2\/users\/1"}],"replies":[{"embeddable":true,"href":"https:\/\/formalprision.com\/index.php?rest_route=%2Fwp%2Fv2%2Fcomments&post=101408"}],"version-history":[{"count":0,"href":"https:\/\/formalprision.com\/index.php?rest_route=\/wp\/v2\/posts\/101408\/revisions"}],"wp:featuredmedia":[{"embeddable":true,"href":"https:\/\/formalprision.com\/index.php?rest_route=\/wp\/v2\/media\/101409"}],"wp:attachment":[{"href":"https:\/\/formalprision.com\/index.php?rest_route=%2Fwp%2Fv2%2Fmedia&parent=101408"}],"wp:term":[{"taxonomy":"category","embeddable":true,"href":"https:\/\/formalprision.com\/index.php?rest_route=%2Fwp%2Fv2%2Fcategories&post=101408"},{"taxonomy":"post_tag","embeddable":true,"href":"https:\/\/formalprision.com\/index.php?rest_route=%2Fwp%2Fv2%2Ftags&post=101408"}],"curies":[{"name":"wp","href":"https:\/\/api.w.org\/{rel}","templated":true}]}}