{"id":101411,"date":"2022-07-11T23:13:14","date_gmt":"2022-07-12T04:13:14","guid":{"rendered":"http:\/\/formalprision.com\/?p=101411"},"modified":"2022-07-11T23:13:14","modified_gmt":"2022-07-12T04:13:14","slug":"la-feria-artesanal-tunich-2022-esta-de-regreso","status":"publish","type":"post","link":"https:\/\/formalprision.com\/?p=101411","title":{"rendered":"\u00a1La Feria Artesanal Tunich 2022 est\u00e1 de regreso!"},"content":{"rendered":"\n<p>M\u00e9rida, Yucat\u00e1n a 11 de julio de 2022.- Para contribuir al desarrollo de la econom\u00eda de los artesanos del municipio, el Ayuntamiento de M\u00e9rida present\u00f3 la edici\u00f3n n\u00famero 21 de la Feria Artesanal Tunich 2022, la cual se ha consolidado como una de las m\u00e1s importantes en el sureste.<\/p>\n\n\n\n<p>En rueda de prensa, el director de Desarrollo Econ\u00f3mico y Turismo, Jos\u00e9 Mart\u00ednez Semerena, inform\u00f3 que del 29 de julio al 7 de agosto se realizar\u00e1 est\u00e1 feria artesanal que se ha consolidado entre los visitantes nacionales e internacionales, m\u00e1s que a\u00fan con la pandemia, se logr\u00f3 mantener en el inter\u00e9s del p\u00fablico.<\/p>\n\n\n\n<p>Explic\u00f3 que este evento re\u00fane a m\u00e1s de 150 artesanas y artesanos del Municipio, adem\u00e1s que participar\u00e1n productores del interior del estado, nacionales y pa\u00edses invitados, para forman una gran oferta comercial para todas y todos los visitantes.<\/p>\n\n\n\n<p>Record\u00f3 que, en 2019, previo a la pandemia, asistieron 90,000 personas en los 10 d\u00edas de la feria, dejando una derrama econ\u00f3mica de $3,780,000.00, lo que posiciona a Tunich como un evento esperado por la comunidad artesanal del Estado.<\/p>\n\n\n\n<p>Se\u00f1al\u00f3 que de 10:00 a 22:00 horas, las y los asistentes podr\u00e1n encontrar productos de piedra, madera, filigrana, joyer\u00eda fina y textiles, as\u00ed como tambi\u00e9n una amplia oferta gastron\u00f3mica encabezada por cocineras de la comisar\u00eda de Dzity\u00e1.<\/p>\n\n\n\n<p>De igual manera, destac\u00f3 que contar\u00e1 con las presentaciones de la M\u00e9rida Big Band, Banda Israel, Show de Titeradas, Ruperta P\u00e9rez Sosa, Chepita Cacat\u00faa, Cuxum, Tila Mar\u00eda Sesto, Los Golden Years, Muziek, Los M\u00e9ndez y un marat\u00f3n de baile el domingo 7 de agosto. Son m\u00e1s de 40 espect\u00e1culos culturales en los 10 d\u00edas de Feria.<\/p>\n\n\n\n<p>\u201cPara quienes deseen acudir a la Feria, contaremos con transporte gratuito saliendo de calle 61 por 62 en el centro, de lunes a s\u00e1bado de 17:00 a 22:00 horas y los domingos de 13:00 a 22:00 horas, as\u00ed como estacionamientos en la zona\u201d, expres\u00f3.<\/p>\n\n\n\n<p>La Feria Artesanal Tunich 2022, abund\u00f3, es un evento de cultura viva porque se promueven las t\u00e9cnicas tradicionales preservadas que dan como resultado productos de calidad. Este tipo de eventos posicionan a M\u00e9rida como creativa, innovadora, orgullosa de sus tradiciones pero tambi\u00e9n cambiante y madura.<\/p>\n\n\n\n<p>Finalmente, las y los interesados pueden obtener mayores informes con respecto a la Feria Artesanal Tunich 2022 en las redes sociales de VisitM\u00e9ridaMx y en la p\u00e1gina&nbsp;&nbsp;<a href=\"https:\/\/www.merida.gob.mx\/tunich\">www.merida.gob.mx\/tunich<\/a>\/ .<\/p>\n","protected":false},"excerpt":{"rendered":"<p>M\u00e9rida, Yucat\u00e1n a 11 de julio de 2022.- Para contribuir al desarrollo de la econom\u00eda de los artesanos del municipio, el Ayuntamiento de M\u00e9rida present\u00f3 la edici\u00f3n n\u00famero 21 de<\/p>\n","protected":false},"author":1,"featured_media":101412,"comment_status":"open","ping_status":"open","sticky":false,"template":"","format":"standard","meta":{"jetpack_post_was_ever_published":false,"_jetpack_newsletter_access":"","_jetpack_dont_email_post_to_subs":false,"_jetpack_newsletter_tier_id":0,"_jetpack_memberships_contains_paywalled_content":false,"_jetpack_memberships_contains_paid_content":false,"footnotes":"","jetpack_publicize_message":"El evento se realizar\u00e1 de manera presencial del 29 de julio al 7 de agosto en la comisar\u00eda de Dzity\u00e1","jetpack_publicize_feature_enabled":true,"jetpack_social_post_already_shared":true,"jetpack_social_options":{"image_generator_settings":{"template":"highway","default_image_id":0,"font":"","enabled":false},"version":2}},"categories":[14],"tags":[],"class_list":["post-101411","post","type-post","status-publish","format-standard","has-post-thumbnail","hentry","category-merida"],"jetpack_publicize_connections":[],"jetpack_featured_media_url":"https:\/\/formalprision.com\/wp-content\/uploads\/2022\/07\/Tunich-2.jpg.jpeg","jetpack_sharing_enabled":true,"jetpack_shortlink":"https:\/\/wp.me\/p6id8p-qnF","_links":{"self":[{"href":"https:\/\/formalprision.com\/index.php?rest_route=\/wp\/v2\/posts\/101411","targetHints":{"allow":["GET"]}}],"collection":[{"href":"https:\/\/formalprision.com\/index.php?rest_route=\/wp\/v2\/posts"}],"about":[{"href":"https:\/\/formalprision.com\/index.php?rest_route=\/wp\/v2\/types\/post"}],"author":[{"embeddable":true,"href":"https:\/\/formalprision.com\/index.php?rest_route=\/wp\/v2\/users\/1"}],"replies":[{"embeddable":true,"href":"https:\/\/formalprision.com\/index.php?rest_route=%2Fwp%2Fv2%2Fcomments&post=101411"}],"version-history":[{"count":0,"href":"https:\/\/formalprision.com\/index.php?rest_route=\/wp\/v2\/posts\/101411\/revisions"}],"wp:featuredmedia":[{"embeddable":true,"href":"https:\/\/formalprision.com\/index.php?rest_route=\/wp\/v2\/media\/101412"}],"wp:attachment":[{"href":"https:\/\/formalprision.com\/index.php?rest_route=%2Fwp%2Fv2%2Fmedia&parent=101411"}],"wp:term":[{"taxonomy":"category","embeddable":true,"href":"https:\/\/formalprision.com\/index.php?rest_route=%2Fwp%2Fv2%2Fcategories&post=101411"},{"taxonomy":"post_tag","embeddable":true,"href":"https:\/\/formalprision.com\/index.php?rest_route=%2Fwp%2Fv2%2Ftags&post=101411"}],"curies":[{"name":"wp","href":"https:\/\/api.w.org\/{rel}","templated":true}]}}