{"id":101423,"date":"2022-07-12T07:26:41","date_gmt":"2022-07-12T12:26:41","guid":{"rendered":"http:\/\/formalprision.com\/?p=101423"},"modified":"2022-07-12T08:06:15","modified_gmt":"2022-07-12T13:06:15","slug":"vila-escucha-y-atiende-necesidades-de-pacientes-en-el-hospital-ohoran","status":"publish","type":"post","link":"https:\/\/formalprision.com\/?p=101423","title":{"rendered":"Vila escucha y atiende necesidades de pacientes en el Hospital O&#8217;Hor\u00e1n"},"content":{"rendered":"\n<p>Luego de entregar la Unidad de Atenci\u00f3n de Pacientes Cr\u00edticos del Hospital General \u00bb Dr. Agust\u00edn O\u2019Hor\u00e1n\u201d, el Gobernador Mauricio Vila Dosal convers\u00f3 y escuch\u00f3 las solicitudes de pacientes que acudieron a su cita o familiares de \u00e9stos, quienes se encontraban a las puertas de dicho nosocomio.<\/p>\n\n\n\n<p>Tras los planteamientos hechos ciudadanos que acuden a ese hospital a recibir atenci\u00f3n m\u00e9dica, Vila Dosal canaliz\u00f3 las peticiones a diferentes dependencias, entre ellas la Secretar\u00eda de Salud del estado(SSY), para brindarles una puntual atenci\u00f3n.<\/p>\n\n\n\n<p>Acompa\u00f1ado del titular de la SSY, Mauricio Sauri Vivas, y del director del nosocomio, Marco Antonio Cetina C\u00e1mara, el Gobernador tambi\u00e9n atendi\u00f3 los planteamientos de quienes laboran a las afueras del Hospital, ofreciendo antojitos, aguas frescas y frutas.<\/p>\n\n\n\n<p>A su paso, Vila Dosal recibi\u00f3 de Noem\u00ed Pist\u00e9 Vela, quien desde hace 13 a\u00f1os se traslada desde Tizim\u00edn para para vender frutas a la entrada del recinto, un racimo de huayas y de Elisa Sol\u00eds Suaste, unas chayitas que ella misma prepar\u00f3 para \u00e9l.<\/p>\n","protected":false},"excerpt":{"rendered":"<p>Luego de entregar la Unidad de Atenci\u00f3n de Pacientes Cr\u00edticos del Hospital General \u00bb Dr. Agust\u00edn O\u2019Hor\u00e1n\u201d, el Gobernador Mauricio Vila Dosal convers\u00f3 y escuch\u00f3 las solicitudes de pacientes que<\/p>\n","protected":false},"author":2,"featured_media":101425,"comment_status":"open","ping_status":"open","sticky":false,"template":"","format":"standard","meta":{"jetpack_post_was_ever_published":false,"_jetpack_newsletter_access":"","_jetpack_dont_email_post_to_subs":false,"_jetpack_newsletter_tier_id":0,"_jetpack_memberships_contains_paywalled_content":false,"_jetpack_memberships_contains_paid_content":false,"footnotes":"","jetpack_publicize_message":"El gobernador Mauricio Vila platic\u00f3 con familiares de pacientes a las puertas del Hospital O'Hor\u00e1n.","jetpack_publicize_feature_enabled":true,"jetpack_social_post_already_shared":true,"jetpack_social_options":{"image_generator_settings":{"template":"highway","default_image_id":0,"font":"","enabled":false},"version":2}},"categories":[17],"tags":[],"class_list":["post-101423","post","type-post","status-publish","format-standard","has-post-thumbnail","hentry","category-politica-y-gobierno"],"jetpack_publicize_connections":[],"jetpack_featured_media_url":"https:\/\/formalprision.com\/wp-content\/uploads\/2022\/07\/WhatsApp-Image-2022-07-12-at-7.15.40-AM.jpeg","jetpack_sharing_enabled":true,"jetpack_shortlink":"https:\/\/wp.me\/p6id8p-qnR","_links":{"self":[{"href":"https:\/\/formalprision.com\/index.php?rest_route=\/wp\/v2\/posts\/101423","targetHints":{"allow":["GET"]}}],"collection":[{"href":"https:\/\/formalprision.com\/index.php?rest_route=\/wp\/v2\/posts"}],"about":[{"href":"https:\/\/formalprision.com\/index.php?rest_route=\/wp\/v2\/types\/post"}],"author":[{"embeddable":true,"href":"https:\/\/formalprision.com\/index.php?rest_route=\/wp\/v2\/users\/2"}],"replies":[{"embeddable":true,"href":"https:\/\/formalprision.com\/index.php?rest_route=%2Fwp%2Fv2%2Fcomments&post=101423"}],"version-history":[{"count":0,"href":"https:\/\/formalprision.com\/index.php?rest_route=\/wp\/v2\/posts\/101423\/revisions"}],"wp:featuredmedia":[{"embeddable":true,"href":"https:\/\/formalprision.com\/index.php?rest_route=\/wp\/v2\/media\/101425"}],"wp:attachment":[{"href":"https:\/\/formalprision.com\/index.php?rest_route=%2Fwp%2Fv2%2Fmedia&parent=101423"}],"wp:term":[{"taxonomy":"category","embeddable":true,"href":"https:\/\/formalprision.com\/index.php?rest_route=%2Fwp%2Fv2%2Fcategories&post=101423"},{"taxonomy":"post_tag","embeddable":true,"href":"https:\/\/formalprision.com\/index.php?rest_route=%2Fwp%2Fv2%2Ftags&post=101423"}],"curies":[{"name":"wp","href":"https:\/\/api.w.org\/{rel}","templated":true}]}}