{"id":101426,"date":"2022-07-12T08:00:51","date_gmt":"2022-07-12T13:00:51","guid":{"rendered":"http:\/\/formalprision.com\/?p=101426"},"modified":"2022-07-13T15:38:51","modified_gmt":"2022-07-13T20:38:51","slug":"invitan-al-convivio-de-plantas-en-el-barrio-de-san-sebastian-el-domingo-17-de-julio","status":"publish","type":"post","link":"https:\/\/formalprision.com\/?p=101426","title":{"rendered":"Invitan al Convivio de Plantas en el barrio de San Sebasti\u00e1n, el domingo 17 de julio"},"content":{"rendered":"\n<p>M\u00c9RIDA.- El domingo 17 de julio se realizar\u00e1 en el atrio de la iglesia de San Sebasti\u00e1n, en el barrio del mismo nombre, el evento denominado Convivio de Plantas, con exposici\u00f3n y venta de plantas y artesan\u00edas para decorar el jard\u00edn.<\/p>\n\n\n\n<p>Habr\u00e1 m\u00e1s de 30 expositores que ofrecer\u00e1n la mejor y m\u00e1s amplia variedad de plantas, as\u00ed como de artesan\u00edas para que dejes tu jard\u00edn como lo so\u00f1aste.<\/p>\n\n\n\n<p>La cita es el domingo 17 de julio, de 7 de la ma\u00f1ana a 2 de la tarde, en el atrio de la iglesia de San Sebasti\u00e1n, ubicada en la calle 72 entre 75 y 77 en el barrio del mismo nombre.<\/p>\n\n\n\n<p>Organiza esta exposici\u00f3n Mi Peque\u00f1o Jard\u00edn Mundo Verde, que agrupa a productores de plantas de ornato y artesanos, y Comit\u00e9 Vivo mi Barrio Bravo San Sebasti\u00e1n.<\/p>\n\n\n\n<p>El objetivo del encuentro es promover la vida verde, para que todas las casa tengan un jard\u00edn, ya sea peque\u00f1o o grande, pero que haya plantas porque contribuyen a que haya ox\u00edgeno, y propician un entorno m\u00e1s saludable para las personas.<\/p>\n","protected":false},"excerpt":{"rendered":"<p>M\u00c9RIDA.- El domingo 17 de julio se realizar\u00e1 en el atrio de la iglesia de San Sebasti\u00e1n, en el barrio del mismo nombre, el evento denominado Convivio de Plantas, con<\/p>\n","protected":false},"author":2,"featured_media":101428,"comment_status":"open","ping_status":"open","sticky":false,"template":"","format":"standard","meta":{"jetpack_post_was_ever_published":false,"_jetpack_newsletter_access":"","_jetpack_dont_email_post_to_subs":false,"_jetpack_newsletter_tier_id":0,"_jetpack_memberships_contains_paywalled_content":false,"_jetpack_memberships_contains_paid_content":false,"footnotes":"","jetpack_publicize_message":"En el Convivio de Plantas de San Sebasti\u00e1n, este domingo 17 de julio, habr\u00e1 30 expositores de plantas y artesan\u00edas para jard\u00edn, de 7 de la ma\u00f1ana a 2 de la tarde. \u00a1No te lo pierdas!","jetpack_publicize_feature_enabled":true,"jetpack_social_post_already_shared":true,"jetpack_social_options":{"image_generator_settings":{"template":"highway","default_image_id":0,"font":"","enabled":false},"version":2}},"categories":[14],"tags":[],"class_list":["post-101426","post","type-post","status-publish","format-standard","has-post-thumbnail","hentry","category-merida"],"jetpack_publicize_connections":[],"jetpack_featured_media_url":"https:\/\/formalprision.com\/wp-content\/uploads\/2022\/07\/convivio.jpg","jetpack_sharing_enabled":true,"jetpack_shortlink":"https:\/\/wp.me\/p6id8p-qnU","_links":{"self":[{"href":"https:\/\/formalprision.com\/index.php?rest_route=\/wp\/v2\/posts\/101426","targetHints":{"allow":["GET"]}}],"collection":[{"href":"https:\/\/formalprision.com\/index.php?rest_route=\/wp\/v2\/posts"}],"about":[{"href":"https:\/\/formalprision.com\/index.php?rest_route=\/wp\/v2\/types\/post"}],"author":[{"embeddable":true,"href":"https:\/\/formalprision.com\/index.php?rest_route=\/wp\/v2\/users\/2"}],"replies":[{"embeddable":true,"href":"https:\/\/formalprision.com\/index.php?rest_route=%2Fwp%2Fv2%2Fcomments&post=101426"}],"version-history":[{"count":0,"href":"https:\/\/formalprision.com\/index.php?rest_route=\/wp\/v2\/posts\/101426\/revisions"}],"wp:featuredmedia":[{"embeddable":true,"href":"https:\/\/formalprision.com\/index.php?rest_route=\/wp\/v2\/media\/101428"}],"wp:attachment":[{"href":"https:\/\/formalprision.com\/index.php?rest_route=%2Fwp%2Fv2%2Fmedia&parent=101426"}],"wp:term":[{"taxonomy":"category","embeddable":true,"href":"https:\/\/formalprision.com\/index.php?rest_route=%2Fwp%2Fv2%2Fcategories&post=101426"},{"taxonomy":"post_tag","embeddable":true,"href":"https:\/\/formalprision.com\/index.php?rest_route=%2Fwp%2Fv2%2Ftags&post=101426"}],"curies":[{"name":"wp","href":"https:\/\/api.w.org\/{rel}","templated":true}]}}