{"id":101430,"date":"2022-07-12T09:02:44","date_gmt":"2022-07-12T14:02:44","guid":{"rendered":"http:\/\/formalprision.com\/?p=101430"},"modified":"2022-07-13T15:38:35","modified_gmt":"2022-07-13T20:38:35","slug":"infonavit-entrega-el-primer-crediterreno-en-yucatan","status":"publish","type":"post","link":"https:\/\/formalprision.com\/?p=101430","title":{"rendered":"Infonavit entrega el primer \u201cCrediterreno\u201d en Yucat\u00e1n"},"content":{"rendered":"\n<p>M\u00c9RIDA.- Ayer se formaliz\u00f3 la entrega del primer \u201cCrediterreno\u201d en Yucat\u00e1n a la se\u00f1ora Karen Lagunas, quien decidi\u00f3 comprar una porci\u00f3n de tierra en Hunucm\u00e1, la cual obtuvo con diferentes ventajas, inform\u00f3 el secretario General y Jur\u00eddico del Instituto del Fondo Nacional de la Vivienda para los Trabajadores (Infonavit), Rogerio Castro V\u00e1zquez.<\/p>\n\n\n\n<p>En rueda de prensa, donde tambi\u00e9n estuvo presente la titular de la Delegaci\u00f3n Regional, Nayely Balam Chan, se inform\u00f3 que el terreno se compr\u00f3 con un cr\u00e9dito a plazo de 16 a\u00f1os y entre los beneficios es que tuvo una de las tasas m\u00e1s bajas del mercado en su tipo, que es del 6.5 por ciento. Adem\u00e1s, las aportaciones patronales de ley se ir\u00e1n a capital, lo cual le ayudar\u00e1 a aliviar la carga financiera.<\/p>\n\n\n\n<p>\u201c\u00c9ste es un mercado nuevo que se est\u00e1 consolidando, y despu\u00e9s de mucho tiempo, de mucho esfuerzo, de mucha paciencia ya tenemos el primer \u2018Crediterreno\u2019 y estamos haciendo realidad esta reforma en Yucat\u00e1n. Eso es lo que me da mucho gusto\u201d, declar\u00f3 Castro V\u00e1zquez.<\/p>\n\n\n\n<p>Por su parte, la se\u00f1ora Lagunas agradeci\u00f3 al Infonavit por esta oportunidad, \u201cya que como dice el secretario, esta era una iniciativa que est\u00e1bamos esperando mi familia y yo desde hace ya bastante tiempo y (estamos) agradecidos porque en todo el proceso nos llevaron de la mano\u201d.<\/p>\n\n\n\n<p>En su intervenci\u00f3n, el funcionario federal record\u00f3 que este tipo de financiamiento tiene exigencias muy claras, por ejemplo, que cuente con el uso del suelo y que est\u00e9 urbanizado y municipalizado. Es decir, no cualquier terreno se puede comprar, no se autoriza un cr\u00e9dito Infonavit para comprar un lote en la nada, tiene que contar con los servicios satisfactores b\u00e1sicos.<\/p>\n\n\n\n<p>El monto de financiamiento para \u201cCrediterreno\u201d es el que el trabajador decida, aunque recordemos que el l\u00edmite para un hipotecario es de poco m\u00e1s de dos millones de pesos. Sin embargo, otra ventaja es que es refinanciable. Esto significa que, si despu\u00e9s de dos a\u00f1os hubo un buen historial de pagos, se puede pedir otro pr\u00e9stamo para levantar una casa por ejemplo con el producto \u201cConstruYO\u201d, precis\u00f3 Castro V\u00e1zquez.<\/p>\n\n\n\n<p>\u00abLo digo con mucho orgullo, este producto fue una idea del Presidente de la Rep\u00fablica, Andr\u00e9s Manuel L\u00f3pez Obrador, quien fue el que impuls\u00f3 las reformas al Infonavit que est\u00e1n beneficiando a las y los trabajadores, y est\u00e1n resolviendo sus verdaderas necesidades\u00bb, agreg\u00f3.<\/p>\n\n\n\n<p>\u00abEn ese sentido, lo que estamos haciendo con estas novedades es diversificar el mercado porque nos dimos cuenta que no todas las familias quieren un cr\u00e9dito hipotecario, hay algunas que sus proyectos son a largo plazo y prefieren empezar poco a poco con la compra de un terreno\u00bb.<\/p>\n\n\n\n<p>Antes eso no se pod\u00eda. El trabajador ten\u00eda derecho a un solo cr\u00e9dito, y \u00e9ste ten\u00eda que ser para vivienda nueva o existente. Puedo decir con orgullo que nosotros quitamos este candado y ahora no solo se puede adquirir m\u00e1s de un cr\u00e9dito, sino que tambi\u00e9n ya se puede construir, ampliar, mejorar o comprar tierra, como en este caso.<\/p>\n\n\n\n<p>En ese sentido, el secretario General hizo un llamado a las y los derechohabientes para que se acerquen al Infonavit para conocer la opci\u00f3n que m\u00e1s les convenga ya que actualmente se est\u00e1 viviendo una transformaci\u00f3n, donde el Instituto est\u00e1 verdaderamente del lado de las y los trabajadores.<\/p>\n\n\n\n<p>Actualmente la Delegaci\u00f3n Regional tiene en proceso 10 solicitudes, que est\u00e1n en la etapa de cotejo de documentaci\u00f3n y tr\u00e1mites relacionados, y la meta es que al finalizar el a\u00f1o se haya logrado la formalizaci\u00f3n de m\u00e1s o menos 100 \u201cCrediterrenos\u201d en Yucat\u00e1n. Dio fe del acto la notaria P\u00fablica Ana Luisa L\u00f3pez Pav\u00f3n.<\/p>\n","protected":false},"excerpt":{"rendered":"<p>M\u00c9RIDA.- Ayer se formaliz\u00f3 la entrega del primer \u201cCrediterreno\u201d en Yucat\u00e1n a la se\u00f1ora Karen Lagunas, quien decidi\u00f3 comprar una porci\u00f3n de tierra en Hunucm\u00e1, la cual obtuvo con diferentes<\/p>\n","protected":false},"author":2,"featured_media":101432,"comment_status":"open","ping_status":"open","sticky":false,"template":"","format":"standard","meta":{"jetpack_post_was_ever_published":false,"_jetpack_newsletter_access":"","_jetpack_dont_email_post_to_subs":false,"_jetpack_newsletter_tier_id":0,"_jetpack_memberships_contains_paywalled_content":false,"_jetpack_memberships_contains_paid_content":false,"footnotes":"","jetpack_publicize_message":"Rogerio Castro V\u00e1zquez, secretario General y Jur\u00eddico del Infonavit, firm\u00f3 como testigo de honor en la escritura, junto con Nayely Balam Chan, Delegada Regional.","jetpack_publicize_feature_enabled":true,"jetpack_social_post_already_shared":true,"jetpack_social_options":{"image_generator_settings":{"template":"highway","default_image_id":0,"font":"","enabled":false},"version":2}},"categories":[54],"tags":[],"class_list":["post-101430","post","type-post","status-publish","format-standard","has-post-thumbnail","hentry","category-yucatan"],"jetpack_publicize_connections":[],"jetpack_featured_media_url":"https:\/\/formalprision.com\/wp-content\/uploads\/2022\/07\/Crediterreno-Yucatan-3.jpeg","jetpack_sharing_enabled":true,"jetpack_shortlink":"https:\/\/wp.me\/p6id8p-qnY","_links":{"self":[{"href":"https:\/\/formalprision.com\/index.php?rest_route=\/wp\/v2\/posts\/101430","targetHints":{"allow":["GET"]}}],"collection":[{"href":"https:\/\/formalprision.com\/index.php?rest_route=\/wp\/v2\/posts"}],"about":[{"href":"https:\/\/formalprision.com\/index.php?rest_route=\/wp\/v2\/types\/post"}],"author":[{"embeddable":true,"href":"https:\/\/formalprision.com\/index.php?rest_route=\/wp\/v2\/users\/2"}],"replies":[{"embeddable":true,"href":"https:\/\/formalprision.com\/index.php?rest_route=%2Fwp%2Fv2%2Fcomments&post=101430"}],"version-history":[{"count":0,"href":"https:\/\/formalprision.com\/index.php?rest_route=\/wp\/v2\/posts\/101430\/revisions"}],"wp:featuredmedia":[{"embeddable":true,"href":"https:\/\/formalprision.com\/index.php?rest_route=\/wp\/v2\/media\/101432"}],"wp:attachment":[{"href":"https:\/\/formalprision.com\/index.php?rest_route=%2Fwp%2Fv2%2Fmedia&parent=101430"}],"wp:term":[{"taxonomy":"category","embeddable":true,"href":"https:\/\/formalprision.com\/index.php?rest_route=%2Fwp%2Fv2%2Fcategories&post=101430"},{"taxonomy":"post_tag","embeddable":true,"href":"https:\/\/formalprision.com\/index.php?rest_route=%2Fwp%2Fv2%2Ftags&post=101430"}],"curies":[{"name":"wp","href":"https:\/\/api.w.org\/{rel}","templated":true}]}}