{"id":101535,"date":"2022-07-15T16:12:55","date_gmt":"2022-07-15T21:12:55","guid":{"rendered":"http:\/\/formalprision.com\/?p=101535"},"modified":"2022-08-22T23:42:26","modified_gmt":"2022-08-23T04:42:26","slug":"detienen-al-narcotraficante-rafael-caro-quintero","status":"publish","type":"post","link":"https:\/\/formalprision.com\/?p=101535","title":{"rendered":"Detienen al veterano narcotraficante Rafael Caro Quintero"},"content":{"rendered":"\n<p>Tras un operativo encabezado por la Secretar\u00eda de Marina, fue detenido el narcotraficante Rafael Caro Quintero, fundador del C\u00e1rtel de Guadalajara, y uno de los delincuentes m\u00e1s famosos en M\u00e9xico.<\/p>\n\n\n\n<p>A\u00fan se desconoce en d\u00f3nde fue el operativo de la aprehensi\u00f3n.<\/p>\n\n\n\n<p>De acuerdo con informaci\u00f3n de Grupo Milenio, el narcotraficante cuenta con dos \u00f3rdenes de aprehensi\u00f3n por la Fiscal\u00eda general de la Rep\u00fablica (FGR), as\u00ed como una orden de extradici\u00f3n a Estados Unidos.<\/p>\n\n\n\n<p>Nacido el 3 de octubre de 1952 en Sinaloa, cuna de los grandes capos mexicanos, Caro Quintero, que amas\u00f3 una gran fortuna, hab\u00eda fundado su cartel junto con Miguel \u00c1ngel F\u00e9lix Gallardo y Ernesto Fonseca Carrillo, alias \u201cDon Neto\u201d.<\/p>\n\n\n\n<p>Entre los fugitivos m\u00e1s buscados tambi\u00e9n se encuentran los mexicanos Ismael \u201cel Mayo\u201d Zambada, hist\u00f3rico capo del Cartel de Sinaloa, y Nemesio Oseguera Cervantes, alias \u201cel Mencho\u201d y l\u00edder del poderoso Cartel Jalisco Nueva Generaci\u00f3n.<\/p>\n\n\n\n<p>Fundador del Cartel de Guadalajara, Caro Quintero fue uno de los principales capos en los a\u00f1os ochenta y de los primeros en enviar droga a gran escala a Estados Unidos.<\/p>\n\n\n\n<p>Caro Quintero fue encarcelado en 1985 en Costa Rica, acusado por asesinato del Agente de laAdministraci\u00f3n de Control de Drogas de Estados Unidos (DEA) Enrique Camarena Salazar, y de su piloto Alfredo Avelar.\u200b<\/p>\n\n\n\n<p>Ambos fueron secuestrados por sicarios el 7 de febrero de 1985 en el occidental estado de Jalisco, cuya capital, Guadalajara, era el principal centro de operaciones del cartel.<\/p>\n\n\n\n<p>Un mes despu\u00e9s, sus cuerpos fueron hallados en un rancho del estado de Michoac\u00e1n, colindante con Jalisco, con se\u00f1ales de tortura, despu\u00e9s de que el Cartel de Guadalajara sufriera importantes golpes de las autoridades mexicanas en colaboraci\u00f3n con la DEA.<\/p>\n\n\n\n<p>Tras 28 a\u00f1os de prisi\u00f3n por diversas condenas, fue liberado el 9 de agosto del 2013 por resoluci\u00f3n del primer tribunal colegiado en materia penal del tercer circuito en Jalisco, bajo el argumento de no deber ser enjuiciado en el fuero federal por el asesinato del agente.\u200b<\/p>\n\n\n\n<p>En 2009 un juez mexicano determin\u00f3 que por acumulaci\u00f3n de las penas que ten\u00eda en su contra a Caro Quintero le correspond\u00edan 199 a\u00f1os de prisi\u00f3n, pero por ley s\u00f3lo se les pudo imponer una m\u00e1xima de 40.<\/p>\n\n\n\n<p>Unos d\u00edas despu\u00e9s un juez emiti\u00f3 una orden de detenci\u00f3n provisional en su contra con fines de extradici\u00f3n a Estados Unidos y el 6 de noviembre de ese mismo a\u00f1o la Suprema Corte de Justicia de la Naci\u00f3n revoc\u00f3 el fallo judicial que le permiti\u00f3 abandonar la c\u00e1rcel en agosto. Pero ya era demasiado tarde, porque desde 2013 se desconoce su paradero.<\/p>\n\n\n\n<p>En enero de 2015, nuevamente fue declarado culpable del homicidio de Enrique Camarena por un tribunal federal y se emiti\u00f3 una nueva orden de aprehensi\u00f3n en su contra.<\/p>\n\n\n\n<p>El pasado 7 de julio, las autoridades de Estados Unidos imputaron a su hijastro, Bryant Espinoza Aguilar, por poner propiedades de familiares a su nombre, \u201cactuando como un hombre de paja\u201d para evadir sanciones, seg\u00fan inform\u00f3 la Fiscal\u00eda del Distrito Este de Nueva York.<\/p>\n\n\n\n<p>Hasta este viernes, era considerado pr\u00f3fugo de la justicia mexicana \u200by, el gobierno de Estados Unidos lo incluy\u00f3 en la lista de los diez fugitivos m\u00e1s buscados del FBI y ofrece una recompensa de veinte millones de d\u00f3lares por su captura.<\/p>\n","protected":false},"excerpt":{"rendered":"<p>Tras un operativo encabezado por la Secretar\u00eda de Marina, fue detenido el narcotraficante Rafael Caro Quintero, fundador del C\u00e1rtel de Guadalajara, y uno de los delincuentes m\u00e1s famosos en M\u00e9xico.<\/p>\n","protected":false},"author":2,"featured_media":101537,"comment_status":"open","ping_status":"open","sticky":false,"template":"","format":"standard","meta":{"jetpack_post_was_ever_published":false,"_jetpack_newsletter_access":"","_jetpack_dont_email_post_to_subs":false,"_jetpack_newsletter_tier_id":0,"_jetpack_memberships_contains_paywalled_content":false,"_jetpack_memberships_contains_paid_content":false,"footnotes":"","jetpack_publicize_message":"Rafael Caro Quintero es uno de los narco m\u00e1s buscados por Estados Unidos. ","jetpack_publicize_feature_enabled":true,"jetpack_social_post_already_shared":true,"jetpack_social_options":{"image_generator_settings":{"template":"highway","default_image_id":0,"font":"","enabled":false},"version":2}},"categories":[23,21,47],"tags":[],"class_list":["post-101535","post","type-post","status-publish","format-standard","has-post-thumbnail","hentry","category-del-mundo","category-nacionales","category-narcos"],"jetpack_publicize_connections":[],"jetpack_featured_media_url":"https:\/\/formalprision.com\/wp-content\/uploads\/2022\/07\/caro.jpg","jetpack_sharing_enabled":true,"jetpack_shortlink":"https:\/\/wp.me\/p6id8p-qpF","_links":{"self":[{"href":"https:\/\/formalprision.com\/index.php?rest_route=\/wp\/v2\/posts\/101535","targetHints":{"allow":["GET"]}}],"collection":[{"href":"https:\/\/formalprision.com\/index.php?rest_route=\/wp\/v2\/posts"}],"about":[{"href":"https:\/\/formalprision.com\/index.php?rest_route=\/wp\/v2\/types\/post"}],"author":[{"embeddable":true,"href":"https:\/\/formalprision.com\/index.php?rest_route=\/wp\/v2\/users\/2"}],"replies":[{"embeddable":true,"href":"https:\/\/formalprision.com\/index.php?rest_route=%2Fwp%2Fv2%2Fcomments&post=101535"}],"version-history":[{"count":0,"href":"https:\/\/formalprision.com\/index.php?rest_route=\/wp\/v2\/posts\/101535\/revisions"}],"wp:featuredmedia":[{"embeddable":true,"href":"https:\/\/formalprision.com\/index.php?rest_route=\/wp\/v2\/media\/101537"}],"wp:attachment":[{"href":"https:\/\/formalprision.com\/index.php?rest_route=%2Fwp%2Fv2%2Fmedia&parent=101535"}],"wp:term":[{"taxonomy":"category","embeddable":true,"href":"https:\/\/formalprision.com\/index.php?rest_route=%2Fwp%2Fv2%2Fcategories&post=101535"},{"taxonomy":"post_tag","embeddable":true,"href":"https:\/\/formalprision.com\/index.php?rest_route=%2Fwp%2Fv2%2Ftags&post=101535"}],"curies":[{"name":"wp","href":"https:\/\/api.w.org\/{rel}","templated":true}]}}