{"id":101539,"date":"2022-07-15T18:39:19","date_gmt":"2022-07-15T23:39:19","guid":{"rendered":"http:\/\/formalprision.com\/?p=101539"},"modified":"2022-07-16T19:35:57","modified_gmt":"2022-07-17T00:35:57","slug":"otra-vez-dos-fallecidos-de-covid-19-en-yucatan-los-contagios-fueron-589","status":"publish","type":"post","link":"https:\/\/formalprision.com\/?p=101539","title":{"rendered":"Siete d\u00edas seguidos con muertes por Covid-19 en Yucat\u00e1n"},"content":{"rendered":"\n<p>M\u00c9RIDA.- Por cuarto d\u00eda consecutivo Yucat\u00e1n registra dos fallecidos por Covid-19, cuando hasta principios de esta semana era solo uno y hasta cero muertos por la pandemia.<\/p>\n\n\n\n<p>Hoy tambi\u00e9n se reportan 589 nuevos contagios y 48 pacientes en hospitales p\u00fablicos.<\/p>\n\n\n\n<p>114,387 pacientes ya se recuperaron: no presentan s\u00edntomas ni pueden contagiar. Esta cifra representa el 89% del total de contagios registrados, que es 127,821.<\/p>\n\n\n\n<p>Los fallecimientos de hoy corresponde a una mujer de 33 a\u00f1os y a un hombre de 55, ambos de M\u00e9rida.<\/p>\n\n\n\n<p>Hoy se detectaron 589 nuevos contagios de Coronavirus.<\/p>\n\n\n\n<p>417 en M\u00e9rida<\/p>\n\n\n\n<p>28 en Kanas\u00edn<\/p>\n\n\n\n<p>20 en Um\u00e1n<\/p>\n\n\n\n<p>17 en Tizim\u00edn<\/p>\n\n\n\n<p>15 en Progreso<\/p>\n\n\n\n<p>13 en Motul<\/p>\n\n\n\n<p>10 en Tixkokob<\/p>\n\n\n\n<p>9 en Izamal<\/p>\n\n\n\n<p>7 en Conkal y Hunucm\u00e1<\/p>\n\n\n\n<p>6 en Valladolid<\/p>\n\n\n\n<p>5 en Acanceh y Samahil<\/p>\n\n\n\n<p>3 en Oxkutzcab, Tecoh y Ticul<\/p>\n\n\n\n<p>2 en Cacalch\u00e9n, Maxcan\u00fa y Temoz\u00f3n<\/p>\n\n\n\n<p>1 en Cenotillo, Chikindzonot, Espita, Hom\u00fan, Kinchil, Peto, Sey\u00e9, Tahmek, Tekal de Venegas, Tekax, Timucuy, Tinum, Tixp\u00e9ual, Tunk\u00e1s y Tzucacab.<\/p>\n\n\n\n<p>De los 127,821 casos positivos, 815 son de otro pa\u00eds u otro estado.<\/p>\n\n\n\n<p>LAS COLONIAS DE M\u00c9RIDA CON MAYOR N\u00daMERO DE PERSONAS CONTAGIADAS EN LOS \u00daLTIMOS 14 D\u00cdAS SON:<\/p>\n\n\n\n<p>Juan Pablo II 305<\/p>\n\n\n\n<p>Centro&nbsp;&nbsp;&nbsp;&nbsp;&nbsp;&nbsp;&nbsp;&nbsp;&nbsp;&nbsp; 207<\/p>\n\n\n\n<p>Pacabt\u00fan 107<\/p>\n\n\n\n<p>Ciudad Caucel&nbsp;&nbsp;&nbsp;&nbsp;&nbsp;&nbsp;&nbsp;&nbsp; 106<\/p>\n\n\n\n<p>Chuburn\u00e1 de Hidalgo y Felipe Carrillo Puerto &nbsp; 67<\/p>\n\n\n\n<p>Las Am\u00e9ricas 60<\/p>\n\n\n\n<p>Fidel Vel\u00e1zquez&nbsp;&nbsp;&nbsp;&nbsp;&nbsp;&nbsp; 57<\/p>\n\n\n\n<p>Fraccionamiento del Parque 53<\/p>\n\n\n\n<p>Leandro Valle 53<\/p>\n\n\n\n<p>Emiliano Zapata Oriente 52<\/p>\n\n\n\n<p>Los H\u00e9roes 46<\/p>\n\n\n\n<p>Francisco de Montejo&nbsp;&nbsp;&nbsp;&nbsp;&nbsp;&nbsp;&nbsp;&nbsp; 45<\/p>\n\n\n\n<p>Xcumpich 30<\/p>\n\n\n\n<p>Mayap\u00e1n 29<\/p>\n\n\n\n<p>Los Pinos 26<\/p>\n\n\n\n<p>Chumin\u00f3polis&nbsp;&nbsp;&nbsp;&nbsp;&nbsp;&nbsp;&nbsp;&nbsp;&nbsp;&nbsp; 25<\/p>\n\n\n\n<p>Melchor Ocampo 23<\/p>\n\n\n\n<p>Jardines de Vista Alegre&nbsp;&nbsp;&nbsp; 22<\/p>\n\n\n\n<p>Mulsay\u00a0\u00a0\u00a0\u00a0\u00a0\u00a0\u00a0\u00a0\u00a0\u00a0 20<\/p>\n\n\n\n<p>&nbsp;En este parte m\u00e9dico se reportan 2 fallecidos:<\/p>\n\n\n\n<p>1. Femenino 33 a\u00f1os de M\u00e9rida&nbsp;&nbsp;&nbsp;&nbsp;&nbsp;&nbsp;&nbsp; Inmunosupresi\u00f3n\/Obesidad<\/p>\n\n\n\n<p>2. Masculino 55 a\u00f1os de M\u00e9rida&nbsp;&nbsp;&nbsp;&nbsp;&nbsp;&nbsp;&nbsp; Inmunosupresi\u00f3n<\/p>\n\n\n\n<p>&nbsp;Siglas: HIPERTENSI\u00d3N ARTERIAL SIST\u00c9MICA (HAS), DIABETES MELLITUS (DM), INSUFICIENCIA RENAL CR\u00d3NICA (IRC), ENFERMEDAD RENAL CR\u00d3NICA (ERC).<\/p>\n\n\n\n<p>En total, son 6,959 las personas fallecidas a causa del Coronavirus.<\/p>\n\n\n\n<p>De los casos activos, 6,427 est\u00e1n estables, aislados, monitoreados por personal m\u00e9dico de la SSY; presentan s\u00edntomas leves.<\/p>\n\n\n\n<p>Como ya se mencion\u00f3, 48 de los casos positivos est\u00e1n en hospitales p\u00fablicos y en aislamiento total. Hay otros pacientes a la espera de diagn\u00f3stico.<\/p>\n\n\n\n<p>&nbsp;El rango de edad de los casos es de 1 mes a 107 a\u00f1os.<\/p>\n\n\n\n<p>LOS INDICADORES SEMANALES DEL SEM\u00c1FORO ESTATAL DE SALUD MARCAN COLOR VERDE.<\/p>\n","protected":false},"excerpt":{"rendered":"<p>M\u00c9RIDA.- Por cuarto d\u00eda consecutivo Yucat\u00e1n registra dos fallecidos por Covid-19, cuando hasta principios de esta semana era solo uno y hasta cero muertos por la pandemia. Hoy tambi\u00e9n se<\/p>\n","protected":false},"author":2,"featured_media":101541,"comment_status":"open","ping_status":"open","sticky":false,"template":"","format":"standard","meta":{"jetpack_post_was_ever_published":false,"_jetpack_newsletter_access":"","_jetpack_dont_email_post_to_subs":false,"_jetpack_newsletter_tier_id":0,"_jetpack_memberships_contains_paywalled_content":false,"_jetpack_memberships_contains_paid_content":false,"footnotes":"","jetpack_publicize_message":"Las zona de M\u00e9rida con m\u00e1s contagios de Covid-19 esta semana fueron Juan Pablo II, el centro, Pacabt\u00fan y Ciudad Caucel.","jetpack_publicize_feature_enabled":true,"jetpack_social_post_already_shared":true,"jetpack_social_options":{"image_generator_settings":{"template":"highway","default_image_id":0,"font":"","enabled":false},"version":2}},"categories":[14],"tags":[],"class_list":["post-101539","post","type-post","status-publish","format-standard","has-post-thumbnail","hentry","category-merida"],"jetpack_publicize_connections":[],"jetpack_featured_media_url":"https:\/\/formalprision.com\/wp-content\/uploads\/2022\/07\/e2af5e56-236d-41bd-a2fb-ece9e6e72514.jpg","jetpack_sharing_enabled":true,"jetpack_shortlink":"https:\/\/wp.me\/p6id8p-qpJ","_links":{"self":[{"href":"https:\/\/formalprision.com\/index.php?rest_route=\/wp\/v2\/posts\/101539","targetHints":{"allow":["GET"]}}],"collection":[{"href":"https:\/\/formalprision.com\/index.php?rest_route=\/wp\/v2\/posts"}],"about":[{"href":"https:\/\/formalprision.com\/index.php?rest_route=\/wp\/v2\/types\/post"}],"author":[{"embeddable":true,"href":"https:\/\/formalprision.com\/index.php?rest_route=\/wp\/v2\/users\/2"}],"replies":[{"embeddable":true,"href":"https:\/\/formalprision.com\/index.php?rest_route=%2Fwp%2Fv2%2Fcomments&post=101539"}],"version-history":[{"count":0,"href":"https:\/\/formalprision.com\/index.php?rest_route=\/wp\/v2\/posts\/101539\/revisions"}],"wp:featuredmedia":[{"embeddable":true,"href":"https:\/\/formalprision.com\/index.php?rest_route=\/wp\/v2\/media\/101541"}],"wp:attachment":[{"href":"https:\/\/formalprision.com\/index.php?rest_route=%2Fwp%2Fv2%2Fmedia&parent=101539"}],"wp:term":[{"taxonomy":"category","embeddable":true,"href":"https:\/\/formalprision.com\/index.php?rest_route=%2Fwp%2Fv2%2Fcategories&post=101539"},{"taxonomy":"post_tag","embeddable":true,"href":"https:\/\/formalprision.com\/index.php?rest_route=%2Fwp%2Fv2%2Ftags&post=101539"}],"curies":[{"name":"wp","href":"https:\/\/api.w.org\/{rel}","templated":true}]}}