{"id":101769,"date":"2022-07-23T18:44:57","date_gmt":"2022-07-23T23:44:57","guid":{"rendered":"http:\/\/formalprision.com\/?p=101769"},"modified":"2022-07-25T10:57:39","modified_gmt":"2022-07-25T15:57:39","slug":"fallece-por-covid-19-en-yucatan-un-joven-de-26-anos","status":"publish","type":"post","link":"https:\/\/formalprision.com\/?p=101769","title":{"rendered":"Fallece por Covid-19 en Yucat\u00e1n un joven de 26 a\u00f1os"},"content":{"rendered":"\n<p>Hoy se detectaron 545 nuevos contagios, dos fallecidos y 38 pacientes de COVID-19 en hospitales p\u00fablicos.<\/p>\n\n\n\n<p>120,515 pacientes ya se recuperaron: no presentan s\u00edntomas ni pueden contagiar. Esta cifra representa el 90% del total de contagios registrados, que es 132,494.<\/p>\n\n\n\n<p>Entre los fallecidos de hoy est\u00e1 un joven de Sey\u00e9 de 26 a\u00f1os, y una meridana de 89 a\u00f1os.<\/p>\n\n\n\n<p>Hoy se detectaron 545 nuevos contagios de Coronavirus.<\/p>\n\n\n\n<p>437 en M\u00e9rida<\/p>\n\n\n\n<p>26 en Valladolid<\/p>\n\n\n\n<p>18 en Kanas\u00edn<\/p>\n\n\n\n<p>12 en Um\u00e1n<\/p>\n\n\n\n<p>11 en Progreso<\/p>\n\n\n\n<p>8 en Acanceh<\/p>\n\n\n\n<p>7 en Tizim\u00edn<\/p>\n\n\n\n<p>5 en Motul&nbsp;<\/p>\n\n\n\n<p>3 en Conkal<\/p>\n\n\n\n<p>2 en Espita y Samahil<\/p>\n\n\n\n<p>1 en Akil, Chemax, Chichimil\u00e1, Hom\u00fan, Oxkutzcab, Sinanch\u00e9, Tahmek, Tekax, Timucuy, Tixkokob<\/p>\n\n\n\n<p>1 for\u00e1neo&nbsp;<\/p>\n\n\n\n<p>De los 132,494 casos positivos, 824 son de otro pa\u00eds u otro estado.<\/p>\n\n\n\n<p>Espec\u00edficamente, en M\u00e9rida se han diagnosticado 84,342 personas contagiadas de Coronavirus (casos acumulados al 22 de julio), que viven en:<\/p>\n\n\n\n<p>21,997 en la zona Norte<\/p>\n\n\n\n<p>20,421 en la zona Oriente<\/p>\n\n\n\n<p>8,244 en la zona Centro<\/p>\n\n\n\n<p>13,687 en la zona Sur<\/p>\n\n\n\n<p>19,993 en la zona Poniente<\/p>\n\n\n\n<p>&nbsp;En este parte m\u00e9dico se reportan 2 fallecidos:<\/p>\n\n\n\n<p>1. Masculino 26 a\u00f1os de Sey\u00e9 Inmunosupresi\u00f3n&nbsp;<\/p>\n\n\n\n<p>2. Femenino 89 a\u00f1os de M\u00e9rida HAS\/IRC<\/p>\n\n\n\n<p>Siglas: HIPERTENSI\u00d3N ARTERIAL SIST\u00c9MICA (HAS), DIABETES MELLITUS (DM), INSUFICIENCIA RENAL CR\u00d3NICA (IRC), ENFERMEDAD RENAL CR\u00d3NICA (ERC).<\/p>\n\n\n\n<p>En total, son 6,975 las personas fallecidas a causa del Coronavirus.<\/p>\n\n\n\n<p>De los casos activos, 4,966 est\u00e1n estables, aislados, monitoreados por personal m\u00e9dico de la SSY; presentan s\u00edntomas leves.<\/p>\n\n\n\n<p>Como ya se mencion\u00f3, 38 de los casos positivos est\u00e1n en hospitales p\u00fablicos y en aislamiento total. Hay otros pacientes a la espera de diagn\u00f3stico.<\/p>\n\n\n\n<p>&nbsp;El rango de edad de los casos es de 1 mes a 107 a\u00f1os.<\/p>\n\n\n\n<p>LOS INDICADORES SEMANALES DEL SEM\u00c1FORO ESTATAL DE SALUD MARCAN COLOR VERDE.<\/p>\n","protected":false},"excerpt":{"rendered":"<p>Hoy fueron dos fallecidos, 545 contagios y 38 hospitalizados de Covid-19 en Yucat\u00e1n.<\/p>\n","protected":false},"author":2,"featured_media":101771,"comment_status":"open","ping_status":"open","sticky":false,"template":"","format":"standard","meta":{"jetpack_post_was_ever_published":false,"_jetpack_newsletter_access":"","_jetpack_dont_email_post_to_subs":false,"_jetpack_newsletter_tier_id":0,"_jetpack_memberships_contains_paywalled_content":false,"_jetpack_memberships_contains_paid_content":false,"footnotes":"","jetpack_publicize_message":"Hoy fueron dos fallecidos, 545 contagios y 38 hospitalizados de Covid-19 en Yucat\u00e1n.","jetpack_publicize_feature_enabled":true,"jetpack_social_post_already_shared":true,"jetpack_social_options":{"image_generator_settings":{"template":"highway","default_image_id":0,"font":"","enabled":false},"version":2}},"categories":[14],"tags":[],"class_list":["post-101769","post","type-post","status-publish","format-standard","has-post-thumbnail","hentry","category-merida"],"jetpack_publicize_connections":[],"jetpack_featured_media_url":"https:\/\/formalprision.com\/wp-content\/uploads\/2022\/07\/IMG_20220723_181220_105.jpg","jetpack_sharing_enabled":true,"jetpack_shortlink":"https:\/\/wp.me\/p6id8p-qtr","_links":{"self":[{"href":"https:\/\/formalprision.com\/index.php?rest_route=\/wp\/v2\/posts\/101769","targetHints":{"allow":["GET"]}}],"collection":[{"href":"https:\/\/formalprision.com\/index.php?rest_route=\/wp\/v2\/posts"}],"about":[{"href":"https:\/\/formalprision.com\/index.php?rest_route=\/wp\/v2\/types\/post"}],"author":[{"embeddable":true,"href":"https:\/\/formalprision.com\/index.php?rest_route=\/wp\/v2\/users\/2"}],"replies":[{"embeddable":true,"href":"https:\/\/formalprision.com\/index.php?rest_route=%2Fwp%2Fv2%2Fcomments&post=101769"}],"version-history":[{"count":0,"href":"https:\/\/formalprision.com\/index.php?rest_route=\/wp\/v2\/posts\/101769\/revisions"}],"wp:featuredmedia":[{"embeddable":true,"href":"https:\/\/formalprision.com\/index.php?rest_route=\/wp\/v2\/media\/101771"}],"wp:attachment":[{"href":"https:\/\/formalprision.com\/index.php?rest_route=%2Fwp%2Fv2%2Fmedia&parent=101769"}],"wp:term":[{"taxonomy":"category","embeddable":true,"href":"https:\/\/formalprision.com\/index.php?rest_route=%2Fwp%2Fv2%2Fcategories&post=101769"},{"taxonomy":"post_tag","embeddable":true,"href":"https:\/\/formalprision.com\/index.php?rest_route=%2Fwp%2Fv2%2Ftags&post=101769"}],"curies":[{"name":"wp","href":"https:\/\/api.w.org\/{rel}","templated":true}]}}