{"id":101788,"date":"2022-07-24T18:16:31","date_gmt":"2022-07-24T23:16:31","guid":{"rendered":"http:\/\/formalprision.com\/?p=101788"},"modified":"2022-07-25T10:56:45","modified_gmt":"2022-07-25T15:56:45","slug":"dos-fallecidos-de-covid-19-hoy-en-yucatan","status":"publish","type":"post","link":"https:\/\/formalprision.com\/?p=101788","title":{"rendered":"Dos fallecidos de Covid-19 hoy en Yucat\u00e1n"},"content":{"rendered":"\n<p>M\u00c9RIDA.- Hoy se detectaron en Yucat\u00e1n 534 nuevos contagios, dos fallecidos y 39 pacientes de Covid-19 en hospitales p\u00fablicos.<\/p>\n\n\n\n<p>121,636 pacientes ya se recuperaron: no presentan s\u00edntomas ni pueden contagiar. Esta cifra representa el 90% del total de contagios registrados, que es 133,028.<\/p>\n\n\n\n<p>Los fallecidos de hoy son una abuelita de 78 a\u00f1os de Tizim\u00edn, y un abuelito de 85 a\u00f1os de M\u00e9rida.<\/p>\n\n\n\n<p>Hoy se detectaron 534 nuevos contagios de Coronavirus.<\/p>\n\n\n\n<p>523 en M\u00e9rida<\/p>\n\n\n\n<p>3 en Tizim\u00edn<\/p>\n\n\n\n<p>2 en Conkal y Um\u00e1n<\/p>\n\n\n\n<p>1 en Kanas\u00edn, Motul, Panab\u00e1<\/p>\n\n\n\n<p>&nbsp;1 for\u00e1neo<\/p>\n\n\n\n<p>De los 133,028 casos positivos, 825 son de otro pa\u00eds u otro estado.<\/p>\n\n\n\n<p>Espec\u00edficamente, en M\u00e9rida se han diagnosticado 84,769 personas contagiadas de Coronavirus (casos acumulados al 23 de julio), que viven en:<\/p>\n\n\n\n<p>22,107 en la zona Norte<\/p>\n\n\n\n<p>20,487 en la zona Oriente<\/p>\n\n\n\n<p>8,309 en la zona Centro<\/p>\n\n\n\n<p>13,776 en la zona Sur<\/p>\n\n\n\n<p>20,090 en la zona Poniente<\/p>\n\n\n\n<p>&nbsp;En este parte m\u00e9dico se reportan 2 fallecidos:<\/p>\n\n\n\n<p>1. Femenino 78 a\u00f1os de Tizim\u00edn&nbsp;&nbsp;&nbsp;&nbsp;&nbsp;&nbsp;&nbsp;&nbsp;&nbsp;&nbsp;&nbsp;&nbsp; HAS\/DM<\/p>\n\n\n\n<p>2. Masculino 85 a\u00f1os de M\u00e9rida&nbsp; &nbsp; &nbsp; &nbsp; &nbsp; &nbsp; &nbsp;Sin comorbilidades<\/p>\n\n\n\n<p>Siglas: HIPERTENSI\u00d3N ARTERIAL SIST\u00c9MICA (HAS), DIABETES MELLITUS (DM), INSUFICIENCIA RENAL CR\u00d3NICA (IRC), ENFERMEDAD RENAL CR\u00d3NICA (ERC).<\/p>\n\n\n\n<p>En total, son 6,977 las personas fallecidas a causa del Coronavirus.<\/p>\n\n\n\n<p>De los casos activos, 4,376 est\u00e1n estables, aislados, monitoreados por personal m\u00e9dico de la SSY; presentan s\u00edntomas leves.<\/p>\n\n\n\n<p>Como ya se mencion\u00f3, 39 de los casos positivos est\u00e1n en hospitales p\u00fablicos y en aislamiento total. Hay otros pacientes a la espera de diagn\u00f3stico.<\/p>\n\n\n\n<p>&nbsp;El rango de edad de los casos es de 1 mes a 107 a\u00f1os.<\/p>\n\n\n\n<p>LOS INDICADORES SEMANALES DEL SEM\u00c1FORO ESTATAL DE SALUD MARCAN COLOR VERDE.<\/p>\n","protected":false},"excerpt":{"rendered":"<p>M\u00c9RIDA.- Hoy se detectaron en Yucat\u00e1n 534 nuevos contagios, dos fallecidos y 39 pacientes de Covid-19 en hospitales p\u00fablicos. 121,636 pacientes ya se recuperaron: no presentan s\u00edntomas ni pueden contagiar.<\/p>\n","protected":false},"author":2,"featured_media":101790,"comment_status":"open","ping_status":"open","sticky":false,"template":"","format":"standard","meta":{"jetpack_post_was_ever_published":false,"_jetpack_newsletter_access":"","_jetpack_dont_email_post_to_subs":false,"_jetpack_newsletter_tier_id":0,"_jetpack_memberships_contains_paywalled_content":false,"_jetpack_memberships_contains_paid_content":false,"footnotes":"","jetpack_publicize_message":"Hoy se detectaron en Yucat\u00e1n 534 nuevos contagios y 39 hospitalizados de Covid-19.","jetpack_publicize_feature_enabled":true,"jetpack_social_post_already_shared":true,"jetpack_social_options":{"image_generator_settings":{"template":"highway","default_image_id":0,"font":"","enabled":false},"version":2}},"categories":[54],"tags":[],"class_list":["post-101788","post","type-post","status-publish","format-standard","has-post-thumbnail","hentry","category-yucatan"],"jetpack_publicize_connections":[],"jetpack_featured_media_url":"https:\/\/formalprision.com\/wp-content\/uploads\/2022\/07\/ef4b1502-0678-4e3c-8647-d0a19a778c9f.jpg","jetpack_sharing_enabled":true,"jetpack_shortlink":"https:\/\/wp.me\/p6id8p-qtK","_links":{"self":[{"href":"https:\/\/formalprision.com\/index.php?rest_route=\/wp\/v2\/posts\/101788","targetHints":{"allow":["GET"]}}],"collection":[{"href":"https:\/\/formalprision.com\/index.php?rest_route=\/wp\/v2\/posts"}],"about":[{"href":"https:\/\/formalprision.com\/index.php?rest_route=\/wp\/v2\/types\/post"}],"author":[{"embeddable":true,"href":"https:\/\/formalprision.com\/index.php?rest_route=\/wp\/v2\/users\/2"}],"replies":[{"embeddable":true,"href":"https:\/\/formalprision.com\/index.php?rest_route=%2Fwp%2Fv2%2Fcomments&post=101788"}],"version-history":[{"count":0,"href":"https:\/\/formalprision.com\/index.php?rest_route=\/wp\/v2\/posts\/101788\/revisions"}],"wp:featuredmedia":[{"embeddable":true,"href":"https:\/\/formalprision.com\/index.php?rest_route=\/wp\/v2\/media\/101790"}],"wp:attachment":[{"href":"https:\/\/formalprision.com\/index.php?rest_route=%2Fwp%2Fv2%2Fmedia&parent=101788"}],"wp:term":[{"taxonomy":"category","embeddable":true,"href":"https:\/\/formalprision.com\/index.php?rest_route=%2Fwp%2Fv2%2Fcategories&post=101788"},{"taxonomy":"post_tag","embeddable":true,"href":"https:\/\/formalprision.com\/index.php?rest_route=%2Fwp%2Fv2%2Ftags&post=101788"}],"curies":[{"name":"wp","href":"https:\/\/api.w.org\/{rel}","templated":true}]}}