{"id":101805,"date":"2022-07-25T09:29:36","date_gmt":"2022-07-25T14:29:36","guid":{"rendered":"http:\/\/formalprision.com\/?p=101805"},"modified":"2022-07-26T09:15:36","modified_gmt":"2022-07-26T14:15:36","slug":"pierde-la-vista-un-vigilante-meridano-dice-que-le-hicieron-maldad","status":"publish","type":"post","link":"https:\/\/formalprision.com\/?p=101805","title":{"rendered":"Pierde la vista un vigilante meridano; dice que le hicieron &#8216;maldad&#8217;"},"content":{"rendered":"\n<p>M\u00c9RIDA.- En un abrir y cerrar de ojos perdi\u00f3 la vista, don Luis, vigilante de los fraccionamientos San Jos\u00e9, San Jos\u00e9 II y Nuevo San Jos\u00e9 Chuburn\u00e1, y ahora se mueve a tientas tratando de cumplir sus labores hasta donde puede.<\/p>\n\n\n\n<p>Don Luis, quien ha trabajado m\u00e1s de 22 a\u00f1os como vigilante de esos fraccionamientos de Chuburn\u00e1 que colindan con Francisco de Montejo, ya hab\u00eda tenido problemas de vista anteriormente, incluso ya lo hab\u00edan operado y recuper\u00f3 la visi\u00f3n en un ojo.<\/p>\n\n\n\n<p>\u00abAhora s\u00ed ya se me freg\u00f3 el ojo &#8216;bueno&#8217;, porque con el otro veo que como entre humo y casi no distingo\u00bb, explica el hombre de la tercera edad, quien vive en Chuburn\u00e1, a unas cuantas cuadras de su sitio de trabajo.<\/p>\n\n\n\n<p>\u00abPara m\u00ed que me hicieron &#8216;maldad&#8217;, porque en menos de una hora perd\u00ed la vista, y yo ve\u00eda bien\u00bb, considera el veterano vigilante, a quien prometieron seguir d\u00e1ndale el apoyo que recibe de los vecinos, pero s\u00ed le gustar\u00eda que alguien lo ayuda a recuperar la vista.<\/p>\n\n\n\n<p>A falta de un diagn\u00f3stico, se ignora qu\u00e9 tipo de enfermedad pudo da\u00f1arle la vista a don Luis. \u00c9l asegura que no tiene az\u00facar alta y que su estado de salud en general es bueno, solo \u00abde repente\u00bb perdi\u00f3 la vista.<\/p>\n","protected":false},"excerpt":{"rendered":"<p>M\u00c9RIDA.- En un abrir y cerrar de ojos perdi\u00f3 la vista, don Luis, vigilante de los fraccionamientos San Jos\u00e9, San Jos\u00e9 II y Nuevo San Jos\u00e9 Chuburn\u00e1, y ahora se<\/p>\n","protected":false},"author":2,"featured_media":101807,"comment_status":"open","ping_status":"open","sticky":false,"template":"","format":"standard","meta":{"jetpack_post_was_ever_published":false,"_jetpack_newsletter_access":"","_jetpack_dont_email_post_to_subs":false,"_jetpack_newsletter_tier_id":0,"_jetpack_memberships_contains_paywalled_content":false,"_jetpack_memberships_contains_paid_content":false,"footnotes":"","jetpack_publicize_message":"Don Luis es vigilante en fraccionamientos de la zona de Chuburn\u00e1.","jetpack_publicize_feature_enabled":true,"jetpack_social_post_already_shared":true,"jetpack_social_options":{"image_generator_settings":{"template":"highway","default_image_id":0,"font":"","enabled":false},"version":2}},"categories":[14],"tags":[],"class_list":["post-101805","post","type-post","status-publish","format-standard","has-post-thumbnail","hentry","category-merida"],"jetpack_publicize_connections":[],"jetpack_featured_media_url":"https:\/\/formalprision.com\/wp-content\/uploads\/2022\/07\/WhatsApp-Image-2022-07-25-at-8.42.28-AM.jpeg","jetpack_sharing_enabled":true,"jetpack_shortlink":"https:\/\/wp.me\/p6id8p-qu1","_links":{"self":[{"href":"https:\/\/formalprision.com\/index.php?rest_route=\/wp\/v2\/posts\/101805","targetHints":{"allow":["GET"]}}],"collection":[{"href":"https:\/\/formalprision.com\/index.php?rest_route=\/wp\/v2\/posts"}],"about":[{"href":"https:\/\/formalprision.com\/index.php?rest_route=\/wp\/v2\/types\/post"}],"author":[{"embeddable":true,"href":"https:\/\/formalprision.com\/index.php?rest_route=\/wp\/v2\/users\/2"}],"replies":[{"embeddable":true,"href":"https:\/\/formalprision.com\/index.php?rest_route=%2Fwp%2Fv2%2Fcomments&post=101805"}],"version-history":[{"count":0,"href":"https:\/\/formalprision.com\/index.php?rest_route=\/wp\/v2\/posts\/101805\/revisions"}],"wp:featuredmedia":[{"embeddable":true,"href":"https:\/\/formalprision.com\/index.php?rest_route=\/wp\/v2\/media\/101807"}],"wp:attachment":[{"href":"https:\/\/formalprision.com\/index.php?rest_route=%2Fwp%2Fv2%2Fmedia&parent=101805"}],"wp:term":[{"taxonomy":"category","embeddable":true,"href":"https:\/\/formalprision.com\/index.php?rest_route=%2Fwp%2Fv2%2Fcategories&post=101805"},{"taxonomy":"post_tag","embeddable":true,"href":"https:\/\/formalprision.com\/index.php?rest_route=%2Fwp%2Fv2%2Ftags&post=101805"}],"curies":[{"name":"wp","href":"https:\/\/api.w.org\/{rel}","templated":true}]}}