{"id":101809,"date":"2022-07-25T11:38:53","date_gmt":"2022-07-25T16:38:53","guid":{"rendered":"http:\/\/formalprision.com\/?p=101809"},"modified":"2022-07-25T12:25:20","modified_gmt":"2022-07-25T17:25:20","slug":"el-general-saul-luna-jaimes-nuevo-comandante-de-la-32a-zona-militar-de-valladolid","status":"publish","type":"post","link":"https:\/\/formalprision.com\/?p=101809","title":{"rendered":"El general Sa\u00fal Luna Jaimes, nuevo comandante de la 32a. Zona Militar de Valladolid"},"content":{"rendered":"\n<p>El General de Brigada Diplomado de Estado Mayor Sa\u00fal Luna Jaimes asumi\u00f3 hoy como comandante de la 32\/a. Zona Militar, con sede en Valladolid.<\/p>\n\n\n\n<p>Quien le tom\u00f3 la protesta de bandera fue el general de Divisi\u00f3n Diplomado de Estado Mayor, Homero Mendoza Ruiz, Comandante de la X Regi\u00f3n Militar, en una ceremonia en la que tambi\u00e9n estuvo presente el gobernador Mauricio Vila Dosal.<\/p>\n\n\n\n<p>El General Luna Jaimes naci\u00f3 el 20 de octubre de 1963 en el municipio de Tultepec, Estado de M\u00e9xico. Caus\u00f3 alta en el Ej\u00e9rcito y en el Heroico Colegio Militar el 1 de septiembre de 1979, donde egres\u00f3 como Subteniente de Infanter\u00eda en 1983.<\/p>\n\n\n\n<p>Tiene Cursos de Aplicaci\u00f3n de las Armas y Servicios, de Mando y Estado Mayor General y la Maestr\u00eda en Seguridad Nacional en planteles del Sistema Educativo Militar de la Secretar\u00eda de la Defensa Nacional; as\u00ed como el Curso de Estado Mayor en Operaciones de Combate y la Maestr\u00eda en Estudios Estrat\u00e9gicos en los Estados Unidos de Am\u00e9rica.<\/p>\n\n\n\n<p>Durante sus 43 a\u00f1os de servicio ininterrumpidos se ha desempe\u00f1ado como Oficial subalterno y como Comandante del 16\/o. Btn. Inf. y en la 4\/a. Bgda. Inf. Indp. Adicionalmente al mando de unidades del Arma de Infanter\u00eda, se ha desempe\u00f1ado como jefe de la Subsecci\u00f3n de Organizaci\u00f3n de la S-3 (Ops.) E.M.C.D.N.; Subdirector General del<br>Registro de Armas de Fuego y Control de Explosivos; Coordinador General y Subinspector de la Inspecci\u00f3n y Contralor\u00eda General del Ej\u00e9rcito y Fuerza A\u00e9rea; agregado Militar y A\u00e9reo adjunto a la Embajada de M\u00e9xico en la Rep\u00fablica de Corea; Comandante de la Guarnici\u00f3n Militar de Sonoyta, en el estado de Sonora, y Comandante de la 2\/a. Zona Militar en Tijuana, Baja California, cargo que desempe\u00f1\u00f3 hasta el 15 Julio de este a\u00f1o.<\/p>\n\n\n\n<p>El General Luna Jaimes ascendi\u00f3 de Subteniente a General de Brigada por riguroso escalaf\u00f3n, habiendo alcanzado el Generalato en el a\u00f1o 2011 y su actual jerarqu\u00eda en 2019.<\/p>\n\n\n\n<p>Ha sido recompensado con la Condecoraci\u00f3n al M\u00e9rito Docente y en la Campa\u00f1a contra el Narcotr\u00e1fico; y con las condecoraciones de perseverancia de 5\/a., 4\/a., 3\/a., 2\/a. y 1\/a. Clase, Especial y Servicios Distinguidos por sus m\u00e1s de 40 a\u00f1os de servicios ininterrumpidos en el Ej\u00e9rcito y al Servicio de la Naci\u00f3n.<\/p>\n\n\n\n<p>Esta designaci\u00f3n forma parte de la pol\u00edtica de rotaci\u00f3n de cargos y personal, que realiza la Secretar\u00eda de la Defensa Nacional, con la finalidad de aprovechar la experiencia en diferentes cargos dentro del Instituto Armado y como parte de la ruta profesional que todo integrante de las Fuerzas Armadas debe seguir.<\/p>\n\n\n\n<p>El general Luna Jaimes asumi\u00f3 el cargo de esa comandancia en sustituci\u00f3n del General de Brigada, Francisco Miguel Aranda Guti\u00e9rrez.<\/p>\n","protected":false},"excerpt":{"rendered":"<p>El General de Brigada Diplomado de Estado Mayor Sa\u00fal Luna Jaimes asumi\u00f3 hoy como comandante de la 32\/a. Zona Militar, con sede en Valladolid. Quien le tom\u00f3 la protesta de<\/p>\n","protected":false},"author":2,"featured_media":101811,"comment_status":"open","ping_status":"open","sticky":false,"template":"","format":"standard","meta":{"jetpack_post_was_ever_published":false,"_jetpack_newsletter_access":"","_jetpack_dont_email_post_to_subs":false,"_jetpack_newsletter_tier_id":0,"_jetpack_memberships_contains_paywalled_content":false,"_jetpack_memberships_contains_paid_content":false,"footnotes":"","jetpack_publicize_message":"Cambio de mando en la 32\/a. Zona Militar, con sede en Valladolid.","jetpack_publicize_feature_enabled":true,"jetpack_social_post_already_shared":true,"jetpack_social_options":{"image_generator_settings":{"template":"highway","default_image_id":0,"font":"","enabled":false},"version":2}},"categories":[1,54],"tags":[],"class_list":["post-101809","post","type-post","status-publish","format-standard","has-post-thumbnail","hentry","category-sin-categoria","category-yucatan"],"jetpack_publicize_connections":[],"jetpack_featured_media_url":"https:\/\/formalprision.com\/wp-content\/uploads\/2022\/07\/WhatsApp-Image-2022-07-25-at-10.14.31-AM.jpeg","jetpack_sharing_enabled":true,"jetpack_shortlink":"https:\/\/wp.me\/p6id8p-qu5","_links":{"self":[{"href":"https:\/\/formalprision.com\/index.php?rest_route=\/wp\/v2\/posts\/101809","targetHints":{"allow":["GET"]}}],"collection":[{"href":"https:\/\/formalprision.com\/index.php?rest_route=\/wp\/v2\/posts"}],"about":[{"href":"https:\/\/formalprision.com\/index.php?rest_route=\/wp\/v2\/types\/post"}],"author":[{"embeddable":true,"href":"https:\/\/formalprision.com\/index.php?rest_route=\/wp\/v2\/users\/2"}],"replies":[{"embeddable":true,"href":"https:\/\/formalprision.com\/index.php?rest_route=%2Fwp%2Fv2%2Fcomments&post=101809"}],"version-history":[{"count":0,"href":"https:\/\/formalprision.com\/index.php?rest_route=\/wp\/v2\/posts\/101809\/revisions"}],"wp:featuredmedia":[{"embeddable":true,"href":"https:\/\/formalprision.com\/index.php?rest_route=\/wp\/v2\/media\/101811"}],"wp:attachment":[{"href":"https:\/\/formalprision.com\/index.php?rest_route=%2Fwp%2Fv2%2Fmedia&parent=101809"}],"wp:term":[{"taxonomy":"category","embeddable":true,"href":"https:\/\/formalprision.com\/index.php?rest_route=%2Fwp%2Fv2%2Fcategories&post=101809"},{"taxonomy":"post_tag","embeddable":true,"href":"https:\/\/formalprision.com\/index.php?rest_route=%2Fwp%2Fv2%2Ftags&post=101809"}],"curies":[{"name":"wp","href":"https:\/\/api.w.org\/{rel}","templated":true}]}}