{"id":101813,"date":"2022-07-25T15:40:42","date_gmt":"2022-07-25T20:40:42","guid":{"rendered":"http:\/\/formalprision.com\/?p=101813"},"modified":"2022-07-26T22:45:30","modified_gmt":"2022-07-27T03:45:30","slug":"una-plaga-de-cochinillas-invade-un-poblado-del-norte-de-merida","status":"publish","type":"post","link":"https:\/\/formalprision.com\/?p=101813","title":{"rendered":"Una plaga de cochinillas invade un poblado del norte de M\u00e9rida"},"content":{"rendered":"\n<p>M\u00c9RIDA.- Habitantes de la comunidad de Xcuny\u00e1, pertenenciente al municipio de M\u00e9rida, piden apoyo a las autoridades para combatir una plaga de cochinillas de la humedad que padecen desde hace dos meses, y la cual se recrudeci\u00f3 en estos d\u00edas.<\/p>\n\n\n\n<p>En una ocasi\u00f3n ya se fumig\u00f3 la comunidad, pero no fue suficiente para controlar el problema, pues las cochinillas regresaron y con m\u00e1s fuerza.<\/p>\n\n\n\n<p>Actualmente los vecinos recolectan firmas para pedir una nueva fumigaci\u00f3n, aunque hay dos vecinos que se sienten \u00abpoderosos\u00bb y se oponen a la fumigaci\u00f3n, con el pretexto de que afecta a la abejas.<\/p>\n\n\n\n<p>Sin embargo, quienes est\u00e1n a favor de una nueva fumigaci\u00f3n, que es la mayor\u00eda del pueblo, aseguran que hasta personas que tienen colmenas quieren que se fumigue, porque la plaga de cochinillas ya afecta las actividades cotidianas de la gente.<\/p>\n\n\n\n<p>El problema de las cochinillas comenz\u00f3 hace dos a\u00f1os, luego de las prolongadas lluvias de la tormenta tropical Crist\u00f3bal, pero se calmaron durante un tiempo hasta que volvieron a aparecer el a\u00f1o pasado, pero en este 2022 han vuelto con m\u00e1s fuerza, como nunca lo hab\u00edan padecido los habitantes de Xcunya.<\/p>\n\n\n\n<p>Esta subcomisar\u00eda del norte de M\u00e9rida fueron de las que quedaron bajo el agua tras los ciclones del 2020. El agua estuvo por semanas, incluso se denunci\u00f3 que una causa era el posible desbordamiento de los lagos artificiales del Yucat\u00e1n Country Club.<\/p>\n\n\n\n<p>Este tipo de cochinillas que han invadido Xcuny\u00e1 son conocidas como cochinillas de humedad, y proliferan precisamente en lugares donde hay mucha humedad.<\/p>\n\n\n\n<p>Los vecinos de la comunidad aseguran que llegan del monte y ya han invadido el 80 por ciento de las casas.<\/p>\n","protected":false},"excerpt":{"rendered":"<p>M\u00c9RIDA.- Habitantes de la comunidad de Xcuny\u00e1, pertenenciente al municipio de M\u00e9rida, piden apoyo a las autoridades para combatir una plaga de cochinillas de la humedad que padecen desde hace<\/p>\n","protected":false},"author":2,"featured_media":101815,"comment_status":"open","ping_status":"open","sticky":false,"template":"","format":"standard","meta":{"jetpack_post_was_ever_published":false,"_jetpack_newsletter_access":"","_jetpack_dont_email_post_to_subs":false,"_jetpack_newsletter_tier_id":0,"_jetpack_memberships_contains_paywalled_content":false,"_jetpack_memberships_contains_paid_content":false,"footnotes":"","jetpack_publicize_message":"Desde hace dos a\u00f1os, tras las lluvias de los ciclones, Xcuny\u00e1 padece la plaga de cochinillas, pero en este 2022 est\u00e1n descontroladas.","jetpack_publicize_feature_enabled":true,"jetpack_social_post_already_shared":true,"jetpack_social_options":{"image_generator_settings":{"template":"highway","default_image_id":0,"font":"","enabled":false},"version":2}},"categories":[54],"tags":[],"class_list":["post-101813","post","type-post","status-publish","format-standard","has-post-thumbnail","hentry","category-yucatan"],"jetpack_publicize_connections":[],"jetpack_featured_media_url":"https:\/\/formalprision.com\/wp-content\/uploads\/2022\/07\/WhatsApp-Image-2022-07-25-at-2.53.36-PM.jpeg","jetpack_sharing_enabled":true,"jetpack_shortlink":"https:\/\/wp.me\/p6id8p-qu9","_links":{"self":[{"href":"https:\/\/formalprision.com\/index.php?rest_route=\/wp\/v2\/posts\/101813","targetHints":{"allow":["GET"]}}],"collection":[{"href":"https:\/\/formalprision.com\/index.php?rest_route=\/wp\/v2\/posts"}],"about":[{"href":"https:\/\/formalprision.com\/index.php?rest_route=\/wp\/v2\/types\/post"}],"author":[{"embeddable":true,"href":"https:\/\/formalprision.com\/index.php?rest_route=\/wp\/v2\/users\/2"}],"replies":[{"embeddable":true,"href":"https:\/\/formalprision.com\/index.php?rest_route=%2Fwp%2Fv2%2Fcomments&post=101813"}],"version-history":[{"count":0,"href":"https:\/\/formalprision.com\/index.php?rest_route=\/wp\/v2\/posts\/101813\/revisions"}],"wp:featuredmedia":[{"embeddable":true,"href":"https:\/\/formalprision.com\/index.php?rest_route=\/wp\/v2\/media\/101815"}],"wp:attachment":[{"href":"https:\/\/formalprision.com\/index.php?rest_route=%2Fwp%2Fv2%2Fmedia&parent=101813"}],"wp:term":[{"taxonomy":"category","embeddable":true,"href":"https:\/\/formalprision.com\/index.php?rest_route=%2Fwp%2Fv2%2Fcategories&post=101813"},{"taxonomy":"post_tag","embeddable":true,"href":"https:\/\/formalprision.com\/index.php?rest_route=%2Fwp%2Fv2%2Ftags&post=101813"}],"curies":[{"name":"wp","href":"https:\/\/api.w.org\/{rel}","templated":true}]}}