{"id":101821,"date":"2022-07-25T18:10:06","date_gmt":"2022-07-25T23:10:06","guid":{"rendered":"http:\/\/formalprision.com\/?p=101821"},"modified":"2022-07-26T22:45:17","modified_gmt":"2022-07-27T03:45:17","slug":"fallece-por-covid-19-un-yucateco-de-99-anos-y-sin-enfermedades","status":"publish","type":"post","link":"https:\/\/formalprision.com\/?p=101821","title":{"rendered":"Fallece por Covid-19 un yucateco de 99 a\u00f1os y sin enfermedades"},"content":{"rendered":"\n<p>M\u00c9RIDA.- La quinta ola de Covid-19 en Yucat\u00e1n contin\u00faa pegando fuerte a los yucatecos longevos, como hoy que se report\u00f3 el fallecimiento de un meridano de 99 a\u00f1os, sin enfermedades.<\/p>\n\n\n\n<p>Tambi\u00e9n se detectaron 514 nuevos contagios y 34 pacientes en hospitales p\u00fablicos.<\/p>\n\n\n\n<p>En los \u00faltimos d\u00edas lentamente han ido a la baja los contagios de Covid-19 en el estado.<\/p>\n\n\n\n<p>122,294 pacientes ya se recuperaron: no presentan s\u00edntomas ni pueden contagiar. Esta cifra representa el 90% del total de contagios registrados, que es 133,542.<\/p>\n\n\n\n<p>Hoy se detectaron 514 nuevos contagios de Coronavirus.<\/p>\n\n\n\n<p>508 en M\u00e9rida<\/p>\n\n\n\n<p>2 en Tizim\u00edn<\/p>\n\n\n\n<p>1 en Tahmek, Tetiz, Um\u00e1n&nbsp;<\/p>\n\n\n\n<p>1 for\u00e1neo&nbsp;<\/p>\n\n\n\n<p>De los 133,542 casos positivos, 826 son de otro pa\u00eds u otro estado.<\/p>\n\n\n\n<p>Espec\u00edficamente, en M\u00e9rida se han diagnosticado 85,278 personas contagiadas de Coronavirus (casos acumulados al 24 de julio), que viven en:<\/p>\n\n\n\n<p>22,230 en la zona Norte<\/p>\n\n\n\n<p>20,592 en la zona Oriente<\/p>\n\n\n\n<p>8,379 en la zona Centro<\/p>\n\n\n\n<p>13,879 en la zona Sur<\/p>\n\n\n\n<p>20,198 en la zona Poniente<\/p>\n\n\n\n<p>&nbsp;En este parte m\u00e9dico se reportan 2 fallecidos:<\/p>\n\n\n\n<p>1. Masculino 57 a\u00f1os de M\u00e9rida HAS\/DM\/IRC<\/p>\n\n\n\n<p>2. Masculino 99 a\u00f1os de M\u00e9rida Sin comorbilidades<\/p>\n\n\n\n<p>Siglas: HIPERTENSI\u00d3N ARTERIAL SIST\u00c9MICA (HAS), DIABETES MELLITUS (DM), INSUFICIENCIA RENAL CR\u00d3NICA (IRC), ENFERMEDAD RENAL CR\u00d3NICA (ERC).<\/p>\n\n\n\n<p>En total, son 6,979 las personas fallecidas a causa del Coronavirus.<\/p>\n\n\n\n<p>De los casos activos, 4,235 est\u00e1n estables, aislados, monitoreados por personal m\u00e9dico de la SSY; presentan s\u00edntomas leves.<\/p>\n\n\n\n<p>Como ya se mencion\u00f3, 34 de los casos positivos est\u00e1n en hospitales p\u00fablicos y en aislamiento total. Hay otros pacientes a la espera de diagn\u00f3stico.<\/p>\n\n\n\n<p>&nbsp;El rango de edad de los casos es de 1 mes a 107 a\u00f1os.<\/p>\n\n\n\n<p>LOS INDICADORES SEMANALES DEL SEM\u00c1FORO ESTATAL DE SALUD MARCAN COLOR VERDE.<\/p>\n","protected":false},"excerpt":{"rendered":"<p>M\u00c9RIDA.- La quinta ola de Covid-19 en Yucat\u00e1n contin\u00faa pegando fuerte a los yucatecos longevos, como hoy que se report\u00f3 el fallecimiento de un meridano de 99 a\u00f1os, sin enfermedades.<\/p>\n","protected":false},"author":2,"featured_media":101823,"comment_status":"open","ping_status":"open","sticky":false,"template":"","format":"standard","meta":{"jetpack_post_was_ever_published":false,"_jetpack_newsletter_access":"","_jetpack_dont_email_post_to_subs":false,"_jetpack_newsletter_tier_id":0,"_jetpack_memberships_contains_paywalled_content":false,"_jetpack_memberships_contains_paid_content":false,"footnotes":"","jetpack_publicize_message":"Hoy fueron 514 contagios, dos fallecidos y 34 hospitalizados de Covid-19 en Yucat\u00e1n.","jetpack_publicize_feature_enabled":true,"jetpack_social_post_already_shared":true,"jetpack_social_options":{"image_generator_settings":{"template":"highway","default_image_id":0,"font":"","enabled":false},"version":2}},"categories":[44],"tags":[],"class_list":["post-101821","post","type-post","status-publish","format-standard","has-post-thumbnail","hentry","category-morgue"],"jetpack_publicize_connections":[],"jetpack_featured_media_url":"https:\/\/formalprision.com\/wp-content\/uploads\/2022\/07\/IMG_20220725_174904_440.jpg","jetpack_sharing_enabled":true,"jetpack_shortlink":"https:\/\/wp.me\/p6id8p-quh","_links":{"self":[{"href":"https:\/\/formalprision.com\/index.php?rest_route=\/wp\/v2\/posts\/101821","targetHints":{"allow":["GET"]}}],"collection":[{"href":"https:\/\/formalprision.com\/index.php?rest_route=\/wp\/v2\/posts"}],"about":[{"href":"https:\/\/formalprision.com\/index.php?rest_route=\/wp\/v2\/types\/post"}],"author":[{"embeddable":true,"href":"https:\/\/formalprision.com\/index.php?rest_route=\/wp\/v2\/users\/2"}],"replies":[{"embeddable":true,"href":"https:\/\/formalprision.com\/index.php?rest_route=%2Fwp%2Fv2%2Fcomments&post=101821"}],"version-history":[{"count":0,"href":"https:\/\/formalprision.com\/index.php?rest_route=\/wp\/v2\/posts\/101821\/revisions"}],"wp:featuredmedia":[{"embeddable":true,"href":"https:\/\/formalprision.com\/index.php?rest_route=\/wp\/v2\/media\/101823"}],"wp:attachment":[{"href":"https:\/\/formalprision.com\/index.php?rest_route=%2Fwp%2Fv2%2Fmedia&parent=101821"}],"wp:term":[{"taxonomy":"category","embeddable":true,"href":"https:\/\/formalprision.com\/index.php?rest_route=%2Fwp%2Fv2%2Fcategories&post=101821"},{"taxonomy":"post_tag","embeddable":true,"href":"https:\/\/formalprision.com\/index.php?rest_route=%2Fwp%2Fv2%2Ftags&post=101821"}],"curies":[{"name":"wp","href":"https:\/\/api.w.org\/{rel}","templated":true}]}}