{"id":101836,"date":"2022-07-26T10:25:55","date_gmt":"2022-07-26T15:25:55","guid":{"rendered":"http:\/\/formalprision.com\/?p=101836"},"modified":"2022-07-26T22:43:22","modified_gmt":"2022-07-27T03:43:22","slug":"cae-jorge-winckler-ex-fiscal-de-veracruz-que-protegia-a-criminales","status":"publish","type":"post","link":"https:\/\/formalprision.com\/?p=101836","title":{"rendered":"Cae Jorge Winckler, ex fiscal de Veracruz que proteg\u00eda a criminales"},"content":{"rendered":"\n<p>CIUDAD DE M\u00c9XICO (AP).- Autoridades mexicanas detuvieron a un exfiscal general del estado de Veracruz, acusado de desaparici\u00f3n forzada y secuestro, inform\u00f3 el lunes la Fiscal\u00eda de este estado del Golfo de M\u00e9xico en su cuenta oficial de Twitter.<\/p>\n\n\n\n<p>Jorge Winckler estuvo a cargo de la fiscal\u00eda de ese estado durante casi tres a\u00f1os, de 2016 a 2019, cuando fue retirado del cargo por el congreso local por no pasar sus controles de confianza.<\/p>\n\n\n\n<p>Seg\u00fan indic\u00f3 la fiscal\u00eda, el exfuncionario fue arrestado en Puerto Escondido, una tur\u00edstica ciudad del sure\u00f1o estado de Oaxaca por fuerzas federales.<\/p>\n\n\n\n<p>Winckler, cuya figura ha sido tan alabada como criticada, se hizo cargo de la fiscal\u00eda veracruzana en diciembre de 2016 cuando era gobernador Miguel \u00c1ngel Yunes \u2014del Partido de Acci\u00f3n Nacional\u2014 y estuvo en el cargo hasta septiembre de 2019, cuando ya era gobernador el actual mandatario, Cuitl\u00e1huac Garc\u00eda, del oficialista Morena.<\/p>\n\n\n\n<p>Poco despu\u00e9s de ser separado del cargo por el congreso, el gobierno de Veracruz present\u00f3 una denuncia en su contra pero en aquel momento fue por obstrucci\u00f3n a la justicia. Seg\u00fan explic\u00f3 en mayo de 2019 el secretario de gobierno, Eric Patrocinio Cisneros, se acus\u00f3 a Winckler de esconder m\u00e1s de 150 \u00f3rdenes de aprehensi\u00f3n, entre ellas, algunas de delincuentes de alto impacto que, de ese modo, gozaron de impunidad.<\/p>\n\n\n\n<p>No se divulgaron entonces denuncias por secuestro ni desaparici\u00f3n forzada, un delito que, parad\u00f3jicamente, \u00e9l persigui\u00f3.<\/p>\n\n\n\n<p>Veracruz ha sido desde hace a\u00f1os un estado de gran presencia del crimen organizado que perme\u00f3 y corrompi\u00f3 a funcionarios hasta en las mayores instancias de gobierno y de las estructuras de seguridad.<\/p>\n\n\n\n<p>Uno de sus gobernadores, Javier Duarte, mandatario de 2010 a 2016 por el Partido Revolucionario Institucional, cumple sentencia por crimen organizado y lavado de dinero. Fue detenido en 2017 y un a\u00f1o despu\u00e9s se declar\u00f3 culpable para reducir su condena.<\/p>\n\n\n\n<p>Tanto el exgobernador Yunes como Winckler se jactaron de haber contribuido a la captura de Duarte aunque fue ejecutada por fuerzas federales.<\/p>\n\n\n\n<p>A principios de 2018, Winckler inici\u00f3 un proceso contra varios exjefes de la polic\u00eda de Veracruz acusados de crear unidades que, entre 2013 y 2014 &#8211;con Duarte como gobernador&#8211;, emplearon t\u00e1cticas de guerra sucia para secuestrar, matar y hacer desaparecer a por lo menos 15 personas, en su mayor\u00eda j\u00f3venes, sospechosos de ser informantes de los c\u00e1rteles del narcotr\u00e1fico.<\/p>\n\n\n\n<p>Su trayectoria, sin embargo, tambi\u00e9n ha estado plagada de cr\u00edticos y el actual presidente de M\u00e9xico, Andr\u00e9s Manuel L\u00f3pez Obrador, ha sido uno de ellos.<\/p>\n","protected":false},"excerpt":{"rendered":"<p>CIUDAD DE M\u00c9XICO (AP).- Autoridades mexicanas detuvieron a un exfiscal general del estado de Veracruz, acusado de desaparici\u00f3n forzada y secuestro, inform\u00f3 el lunes la Fiscal\u00eda de este estado del<\/p>\n","protected":false},"author":2,"featured_media":101838,"comment_status":"open","ping_status":"open","sticky":false,"template":"","format":"standard","meta":{"jetpack_post_was_ever_published":false,"_jetpack_newsletter_access":"","_jetpack_dont_email_post_to_subs":false,"_jetpack_newsletter_tier_id":0,"_jetpack_memberships_contains_paywalled_content":false,"_jetpack_memberships_contains_paid_content":false,"footnotes":"","jetpack_publicize_message":"Jorge Winckler fue arrestado en Puerto Escondido, Oaxaca.","jetpack_publicize_feature_enabled":true,"jetpack_social_post_already_shared":true,"jetpack_social_options":{"image_generator_settings":{"template":"highway","default_image_id":0,"font":"","enabled":false},"version":2}},"categories":[23,21],"tags":[],"class_list":["post-101836","post","type-post","status-publish","format-standard","has-post-thumbnail","hentry","category-del-mundo","category-nacionales"],"jetpack_publicize_connections":[],"jetpack_featured_media_url":"https:\/\/formalprision.com\/wp-content\/uploads\/2022\/07\/win.jpg","jetpack_sharing_enabled":true,"jetpack_shortlink":"https:\/\/wp.me\/p6id8p-quw","_links":{"self":[{"href":"https:\/\/formalprision.com\/index.php?rest_route=\/wp\/v2\/posts\/101836","targetHints":{"allow":["GET"]}}],"collection":[{"href":"https:\/\/formalprision.com\/index.php?rest_route=\/wp\/v2\/posts"}],"about":[{"href":"https:\/\/formalprision.com\/index.php?rest_route=\/wp\/v2\/types\/post"}],"author":[{"embeddable":true,"href":"https:\/\/formalprision.com\/index.php?rest_route=\/wp\/v2\/users\/2"}],"replies":[{"embeddable":true,"href":"https:\/\/formalprision.com\/index.php?rest_route=%2Fwp%2Fv2%2Fcomments&post=101836"}],"version-history":[{"count":0,"href":"https:\/\/formalprision.com\/index.php?rest_route=\/wp\/v2\/posts\/101836\/revisions"}],"wp:featuredmedia":[{"embeddable":true,"href":"https:\/\/formalprision.com\/index.php?rest_route=\/wp\/v2\/media\/101838"}],"wp:attachment":[{"href":"https:\/\/formalprision.com\/index.php?rest_route=%2Fwp%2Fv2%2Fmedia&parent=101836"}],"wp:term":[{"taxonomy":"category","embeddable":true,"href":"https:\/\/formalprision.com\/index.php?rest_route=%2Fwp%2Fv2%2Fcategories&post=101836"},{"taxonomy":"post_tag","embeddable":true,"href":"https:\/\/formalprision.com\/index.php?rest_route=%2Fwp%2Fv2%2Ftags&post=101836"}],"curies":[{"name":"wp","href":"https:\/\/api.w.org\/{rel}","templated":true}]}}