{"id":101839,"date":"2022-07-26T12:26:17","date_gmt":"2022-07-26T17:26:17","guid":{"rendered":"http:\/\/formalprision.com\/?p=101839"},"modified":"2022-07-27T11:50:05","modified_gmt":"2022-07-27T16:50:05","slug":"japon-ejecuta-a-tomohiro-kato-autor-de-la-masacre-de-akihabara","status":"publish","type":"post","link":"https:\/\/formalprision.com\/?p=101839","title":{"rendered":"Jap\u00f3n ejecuta a Tomohiro Kato, autor de la \u201cmasacre de Akihabara\u00bb"},"content":{"rendered":"\n<p>TOKIO.- Jap\u00f3n ejecut\u00f3 al autor de la \u201cmasacre de Akihabara\u00bb, uno de los sucesos m\u00e1s mort\u00edferos y sonados de los \u00faltimos a\u00f1os en el pa\u00eds, en el que siete personas murieron y diez resultaron heridas en 2008 en el concurrido n\u00facleo comercial de la electr\u00f3nica en Tokio.<\/p>\n\n\n\n<p>Tomohiro Kato, tambi\u00e9n conocido como el \u201casesino de Akihabara\u00bb, fue ajusticiado a los 39 a\u00f1os en la horca, como establece la ley japonesa, en el centro de detenci\u00f3n capitalino donde se encontraba preso, inform\u00f3 en una rueda de prensa el ministro nip\u00f3n de Justicia, Yoshihisa Furukawa.<\/p>\n\n\n\n<p>Kato fue condenado a la pena capital en 2011 por atropellar mortalmente a tres personas con un cami\u00f3n y matar a otras cuatro a cuchilladas, en un incidente que conmocion\u00f3 al pa\u00eds.<\/p>\n\n\n\n<p>El ministro Furukawa dijo que Kato embisti\u00f3 \u201cindiscriminadamente, dejando siete muertos tras una exhaustiva preparaci\u00f3n\u201d, en un caso \u201ccruel\u201d que \u201cinfluy\u00f3 significativamente en la sociedad\u201d japonesa y explic\u00f3 que firm\u00f3 la orden de ejecuci\u00f3n el pasado d\u00eda 22 \u201ctras considerarlo cuidadosamente\u201d.<\/p>\n\n\n\n<p>El suceso tuvo lugar el 8 de junio de 2008, domingo. Kato irrumpi\u00f3 pasadas las doce y media del mediod\u00eda con un cami\u00f3n en Akihabara, una zona muy concurrida de la metr\u00f3polis especializada en tecnolog\u00eda, videojuegos y manga, y embisti\u00f3 a la multitud en su calle principal, que ese d\u00eda estaba cortada al tr\u00e1fico rodado.<\/p>\n\n\n\n<p>Tras atropellar a cinco personas, de las que tres murieron, Kato se baj\u00f3 del cami\u00f3n y apu\u00f1al\u00f3 a una docena de paseantes, de los que cuatro perdieron la vida.<\/p>\n\n\n\n<p>El suceso conmocion\u00f3 a Jap\u00f3n, que prohibi\u00f3 hasta 2011 que ese \u00e1rea volviera a ser peatonal los domingos y es uno de los incidentes de la cr\u00f3nica negra del pa\u00eds m\u00e1s recordados a nivel global.<\/p>\n\n\n\n<p>Kato fue condenado a muerte en 2011 y en 2015 la sentencia se hizo firme tras el rechazo por parte del Tribunal Supremo de Jap\u00f3n de la \u00faltima apelaci\u00f3n posible de la defensa, que argumentaba que el reo no estaba en pleno control de sus facultades mentales en el momento de los hechos a causa de estr\u00e9s psicol\u00f3gico severo.<\/p>\n\n\n\n<p>Cuando ocurrieron los hechos, Kato trabajaba en una f\u00e1brica de piezas para autom\u00f3viles en la provincia de Shizuoka, al oeste de Tokio, que llevaba a cabo un proceso de reducci\u00f3n de plantilla.<\/p>\n\n\n\n<p>Seg\u00fan medios locales, tres d\u00edas antes del suceso, abandon\u00f3 la f\u00e1brica a gritos, temeroso de perder su empleo porque no encontraba su mono de trabajo (uniforme). Al d\u00eda siguiente ya no fue a trabajar.<\/p>\n\n\n\n<p>Kato anunci\u00f3 sus intenciones en Akihabara a trav\u00e9s de varios mensajes enviados a una p\u00e1gina web especializada en contenidos para m\u00f3viles.<\/p>\n","protected":false},"excerpt":{"rendered":"<p>TOKIO.- Jap\u00f3n ejecut\u00f3 al autor de la \u201cmasacre de Akihabara\u00bb, uno de los sucesos m\u00e1s mort\u00edferos y sonados de los \u00faltimos a\u00f1os en el pa\u00eds, en el que siete personas<\/p>\n","protected":false},"author":2,"featured_media":101841,"comment_status":"open","ping_status":"open","sticky":false,"template":"","format":"standard","meta":{"jetpack_post_was_ever_published":false,"_jetpack_newsletter_access":"","_jetpack_dont_email_post_to_subs":false,"_jetpack_newsletter_tier_id":0,"_jetpack_memberships_contains_paywalled_content":false,"_jetpack_memberships_contains_paid_content":false,"footnotes":"","jetpack_publicize_message":"Tomohiro Kato, tambi\u00e9n conocido como el \u201casesino de Akihabara\", fue ejecutado en la horca en Jap\u00f3n.","jetpack_publicize_feature_enabled":true,"jetpack_social_post_already_shared":true,"jetpack_social_options":{"image_generator_settings":{"template":"highway","default_image_id":0,"font":"","enabled":false},"version":2}},"categories":[23],"tags":[],"class_list":["post-101839","post","type-post","status-publish","format-standard","has-post-thumbnail","hentry","category-del-mundo"],"jetpack_publicize_connections":[],"jetpack_featured_media_url":"https:\/\/formalprision.com\/wp-content\/uploads\/2022\/07\/masa.jpeg","jetpack_sharing_enabled":true,"jetpack_shortlink":"https:\/\/wp.me\/p6id8p-quz","_links":{"self":[{"href":"https:\/\/formalprision.com\/index.php?rest_route=\/wp\/v2\/posts\/101839","targetHints":{"allow":["GET"]}}],"collection":[{"href":"https:\/\/formalprision.com\/index.php?rest_route=\/wp\/v2\/posts"}],"about":[{"href":"https:\/\/formalprision.com\/index.php?rest_route=\/wp\/v2\/types\/post"}],"author":[{"embeddable":true,"href":"https:\/\/formalprision.com\/index.php?rest_route=\/wp\/v2\/users\/2"}],"replies":[{"embeddable":true,"href":"https:\/\/formalprision.com\/index.php?rest_route=%2Fwp%2Fv2%2Fcomments&post=101839"}],"version-history":[{"count":0,"href":"https:\/\/formalprision.com\/index.php?rest_route=\/wp\/v2\/posts\/101839\/revisions"}],"wp:featuredmedia":[{"embeddable":true,"href":"https:\/\/formalprision.com\/index.php?rest_route=\/wp\/v2\/media\/101841"}],"wp:attachment":[{"href":"https:\/\/formalprision.com\/index.php?rest_route=%2Fwp%2Fv2%2Fmedia&parent=101839"}],"wp:term":[{"taxonomy":"category","embeddable":true,"href":"https:\/\/formalprision.com\/index.php?rest_route=%2Fwp%2Fv2%2Fcategories&post=101839"},{"taxonomy":"post_tag","embeddable":true,"href":"https:\/\/formalprision.com\/index.php?rest_route=%2Fwp%2Fv2%2Ftags&post=101839"}],"curies":[{"name":"wp","href":"https:\/\/api.w.org\/{rel}","templated":true}]}}