{"id":107904,"date":"2023-03-12T22:20:09","date_gmt":"2023-03-13T03:20:09","guid":{"rendered":"https:\/\/formalprision.com\/?p=107904"},"modified":"2023-03-13T15:21:07","modified_gmt":"2023-03-13T20:21:07","slug":"vecinos-limpian-zona-en-francisco-de-montejo-que-no-atiende-el-ayuntamiento-de-merida","status":"publish","type":"post","link":"https:\/\/formalprision.com\/?p=107904","title":{"rendered":"Limpian zona en Francisco de Montejo que no atiende el Ayuntamiento de M\u00e9rida"},"content":{"rendered":"\n<p>M\u00c9RIDA, Yucat\u00e1n.- Vecinos de la calle 48-A entre 46 y 46-A de Francisco de Montejo (calle cerrada al final de una cuchilla que topa con el muro de CFE) se dieron a la tarea de limpiar basura que la gente tira en la zona, adem\u00e1s de residuos t\u00f3xicos que arroja al aire libre una empresa de aires acondicionados.<\/p>\n\n\n\n<p>Tambi\u00e9n se quejan de falta de vigilancia y alumbrado p\u00fablico.<\/p>\n\n\n\n<p>Ma\u00f1ana a las 8 de la ma\u00f1ana har\u00e1n una manifestaci\u00f3n para pedir que se solucionen esos problemas. La principal encargada de limpiar es la CFE, pero la empresa de clase mundial hace como que no ve.<\/p>\n\n\n\n<figure class=\"wp-block-video\"><video height=\"352\" style=\"aspect-ratio: 640 \/ 352;\" width=\"640\" controls src=\"https:\/\/formalprision.com\/wp-content\/uploads\/2023\/03\/WhatsApp-Video-2023-03-12-at-8.19.35-PM.mp4\"><\/video><\/figure>\n","protected":false},"excerpt":{"rendered":"<p>M\u00c9RIDA, Yucat\u00e1n.- Vecinos de la calle 48-A entre 46 y 46-A de Francisco de Montejo (calle cerrada al final de una cuchilla que topa con el muro de CFE) se<\/p>\n","protected":false},"author":2,"featured_media":107908,"comment_status":"open","ping_status":"open","sticky":false,"template":"","format":"standard","meta":{"jetpack_post_was_ever_published":false,"_jetpack_newsletter_access":"","_jetpack_dont_email_post_to_subs":false,"_jetpack_newsletter_tier_id":0,"_jetpack_memberships_contains_paywalled_content":false,"_jetpack_memberships_contains_paid_content":false,"footnotes":"","jetpack_publicize_message":"No hay vigilancia, ni servicio de limpieza, adem\u00e1s de que falla el alumbrado p\u00fablico en esta olvidada zona de Francisco de Montejo.","jetpack_publicize_feature_enabled":true,"jetpack_social_post_already_shared":true,"jetpack_social_options":{"image_generator_settings":{"template":"highway","default_image_id":0,"font":"","enabled":false},"version":2}},"categories":[47],"tags":[],"class_list":["post-107904","post","type-post","status-publish","format-standard","has-post-thumbnail","hentry","category-narcos"],"jetpack_publicize_connections":[],"jetpack_featured_media_url":"https:\/\/formalprision.com\/wp-content\/uploads\/2023\/03\/WhatsApp-Image-2023-03-12-at-8.58.44-PM.jpeg","jetpack_sharing_enabled":true,"jetpack_shortlink":"https:\/\/wp.me\/p6id8p-s4o","_links":{"self":[{"href":"https:\/\/formalprision.com\/index.php?rest_route=\/wp\/v2\/posts\/107904","targetHints":{"allow":["GET"]}}],"collection":[{"href":"https:\/\/formalprision.com\/index.php?rest_route=\/wp\/v2\/posts"}],"about":[{"href":"https:\/\/formalprision.com\/index.php?rest_route=\/wp\/v2\/types\/post"}],"author":[{"embeddable":true,"href":"https:\/\/formalprision.com\/index.php?rest_route=\/wp\/v2\/users\/2"}],"replies":[{"embeddable":true,"href":"https:\/\/formalprision.com\/index.php?rest_route=%2Fwp%2Fv2%2Fcomments&post=107904"}],"version-history":[{"count":4,"href":"https:\/\/formalprision.com\/index.php?rest_route=\/wp\/v2\/posts\/107904\/revisions"}],"predecessor-version":[{"id":107932,"href":"https:\/\/formalprision.com\/index.php?rest_route=\/wp\/v2\/posts\/107904\/revisions\/107932"}],"wp:featuredmedia":[{"embeddable":true,"href":"https:\/\/formalprision.com\/index.php?rest_route=\/wp\/v2\/media\/107908"}],"wp:attachment":[{"href":"https:\/\/formalprision.com\/index.php?rest_route=%2Fwp%2Fv2%2Fmedia&parent=107904"}],"wp:term":[{"taxonomy":"category","embeddable":true,"href":"https:\/\/formalprision.com\/index.php?rest_route=%2Fwp%2Fv2%2Fcategories&post=107904"},{"taxonomy":"post_tag","embeddable":true,"href":"https:\/\/formalprision.com\/index.php?rest_route=%2Fwp%2Fv2%2Ftags&post=107904"}],"curies":[{"name":"wp","href":"https:\/\/api.w.org\/{rel}","templated":true}]}}