{"id":107913,"date":"2023-03-13T07:24:47","date_gmt":"2023-03-13T12:24:47","guid":{"rendered":"https:\/\/formalprision.com\/?p=107913"},"modified":"2023-03-13T11:22:20","modified_gmt":"2023-03-13T16:22:20","slug":"segundo-dia-de-diversion-por-el-festival-de-la-veda-en-progreso-chelem-y-chuburna-puerto","status":"publish","type":"post","link":"https:\/\/formalprision.com\/?p=107913","title":{"rendered":"Segundo d\u00eda de diversi\u00f3n por el Festival de la Veda en Progreso, Chelem y Chuburn\u00e1 Puerto"},"content":{"rendered":"\n<p>PROGRESO, Yucat\u00e1n.- El Festival de la Veda 2023, impulsado por el Gobierno de Mauricio Vila Dosal, contin\u00faa ofreciendo espacios de diversi\u00f3n y entrenamiento a familias y visitantes que este fin de semana asistieron a los puertos de Progreso, Chicxulub, Chelem y Chuburn\u00e1 para disfrutar de la amplia oferta de actividades que se ofrece, como alternativa para que los yucatecos que se dedican a la pesca puedan generar ingresos durante la temporada de restricci\u00f3n en la captura del mero.<\/p>\n\n\n\n<p>Esta estrategia contempla m\u00e1s de 250 propuestas, entre las que destacan el bazar de artesan\u00edas, la actuaci\u00f3n de la banda de marcha Muuk&#8217; B\u00e1alam, tocadas de rock, funciones de teatrino, juegos de serpientes y escaleras, loter\u00eda y m\u00e1s.<\/p>\n\n\n\n<p>En esta edici\u00f3n el Festival estar\u00e1 en 15 comunidades pesqueras, 11 municipios y 387 kil\u00f3metros de playas, con el objetivo de activar la econom\u00eda del sector durante esta temporada, desarrollar el turismo, dar m\u00e1s oportunidades de crecimiento a las familias del ramo y diversificar las opciones.<\/p>\n\n\n\n<p>De acuerdo con lo programado, este fin de semana, toc\u00f3 en los puertos de Chuburn\u00e1, Chelem, Chicxulub y Progreso; el pr\u00f3ximo 18 y 19 de marzo, estar\u00e1 en El Cuyo, y cerrar\u00e1 en Sisal el 25 y 26 del mes en curso.<\/p>\n","protected":false},"excerpt":{"rendered":"<p>PROGRESO, Yucat\u00e1n.- El Festival de la Veda 2023, impulsado por el Gobierno de Mauricio Vila Dosal, contin\u00faa ofreciendo espacios de diversi\u00f3n y entrenamiento a familias y visitantes que este fin<\/p>\n","protected":false},"author":2,"featured_media":107916,"comment_status":"open","ping_status":"open","sticky":false,"template":"","format":"standard","meta":{"jetpack_post_was_ever_published":false,"_jetpack_newsletter_access":"","_jetpack_dont_email_post_to_subs":false,"_jetpack_newsletter_tier_id":0,"_jetpack_memberships_contains_paywalled_content":false,"_jetpack_memberships_contains_paid_content":false,"footnotes":"","jetpack_publicize_message":"El pr\u00f3ximo fin de semana el Festival de la Veda estar\u00e1 en El Cuyo, puerto perteneciente al municipio de Tizim\u00edn.","jetpack_publicize_feature_enabled":true,"jetpack_social_post_already_shared":true,"jetpack_social_options":{"image_generator_settings":{"template":"highway","default_image_id":0,"font":"","enabled":false},"version":2}},"categories":[17],"tags":[],"class_list":["post-107913","post","type-post","status-publish","format-standard","has-post-thumbnail","hentry","category-politica-y-gobierno"],"jetpack_publicize_connections":[],"jetpack_featured_media_url":"https:\/\/formalprision.com\/wp-content\/uploads\/2023\/03\/0001.jpg","jetpack_sharing_enabled":true,"jetpack_shortlink":"https:\/\/wp.me\/p6id8p-s4x","_links":{"self":[{"href":"https:\/\/formalprision.com\/index.php?rest_route=\/wp\/v2\/posts\/107913","targetHints":{"allow":["GET"]}}],"collection":[{"href":"https:\/\/formalprision.com\/index.php?rest_route=\/wp\/v2\/posts"}],"about":[{"href":"https:\/\/formalprision.com\/index.php?rest_route=\/wp\/v2\/types\/post"}],"author":[{"embeddable":true,"href":"https:\/\/formalprision.com\/index.php?rest_route=\/wp\/v2\/users\/2"}],"replies":[{"embeddable":true,"href":"https:\/\/formalprision.com\/index.php?rest_route=%2Fwp%2Fv2%2Fcomments&post=107913"}],"version-history":[{"count":1,"href":"https:\/\/formalprision.com\/index.php?rest_route=\/wp\/v2\/posts\/107913\/revisions"}],"predecessor-version":[{"id":107914,"href":"https:\/\/formalprision.com\/index.php?rest_route=\/wp\/v2\/posts\/107913\/revisions\/107914"}],"wp:featuredmedia":[{"embeddable":true,"href":"https:\/\/formalprision.com\/index.php?rest_route=\/wp\/v2\/media\/107916"}],"wp:attachment":[{"href":"https:\/\/formalprision.com\/index.php?rest_route=%2Fwp%2Fv2%2Fmedia&parent=107913"}],"wp:term":[{"taxonomy":"category","embeddable":true,"href":"https:\/\/formalprision.com\/index.php?rest_route=%2Fwp%2Fv2%2Fcategories&post=107913"},{"taxonomy":"post_tag","embeddable":true,"href":"https:\/\/formalprision.com\/index.php?rest_route=%2Fwp%2Fv2%2Ftags&post=107913"}],"curies":[{"name":"wp","href":"https:\/\/api.w.org\/{rel}","templated":true}]}}