{"id":109281,"date":"2023-05-12T19:21:24","date_gmt":"2023-05-13T00:21:24","guid":{"rendered":"https:\/\/formalprision.com\/?p=109281"},"modified":"2023-05-15T12:25:45","modified_gmt":"2023-05-15T17:25:45","slug":"yucatan-expone-llega-al-zocalo-de-la-ciudad-de-mexico","status":"publish","type":"post","link":"https:\/\/formalprision.com\/?p=109281","title":{"rendered":"Yucat\u00e1n Expone llega al Z\u00f3calo de la Ciudad de M\u00e9xico"},"content":{"rendered":"\n<p>CIUDAD DE M\u00c9XICO.- El Z\u00f3calo de Ciudad de M\u00e9xico se llena de tradiciones, colores y sabores yucatecos, con el programa Yucat\u00e1n Expone, que el Gobernador Mauricio Vila Dosal y la jefa de Gobierno de la Ciudad de M\u00e9xico, Claudia Sheinbaum Pardo, inauguraron en el coraz\u00f3n de la capital y con lo que, desde este d\u00eda y hasta el 21 de mayo, se lleva un pedacito de lo mucho que entidad ofrece, con el objetivo de que artesanos, productores y emprendedores tengan la oportunidad de darse a conocer para hacer crecer sus negocios.<\/p>\n\n\n\n<p>El Gobernador y Sheinbaum Pardo encabezaron el inicio de este escaparate, en el que participan m\u00e1s de 270 micro, peque\u00f1as y medianas empresas con bienes hechos por 800 artesanos, como salsas, condimentos, prendas de vestir, calzado, artesan\u00edas, licores, miel, concentrados, productos naturales, horchatas, caf\u00e9, hamacas, bolsas, joyer\u00eda y bisuter\u00eda, marquesitas y alimentos al vac\u00edo, entre otros.<\/p>\n\n\n\n<figure class=\"wp-block-image\"><img decoding=\"async\" src=\"https:\/\/elchismografoenlared.com\/wp-content\/uploads\/2023\/05\/WhatsApp-Image-2023-05-12-at-4.54.30-PM-1.jpeg\" alt=\"\" class=\"wp-image-29507\" \/><\/figure>\n\n\n\n<p>De esta manera, se pone en marcha este esquema este 2023 para continuar de manera itinerante y llevar a otras partes del pa\u00eds una muestra de lo que se produce en el estado, tanto de manera artesanal como industrializada, as\u00ed como su oferta cultural, gastron\u00f3mica y de entretenimiento.<\/p>\n\n\n\n<p>En su mensaje, el Gobernador agradeci\u00f3 la anfitrion\u00eda y las facilidades que brindaron tanto la Jefa de Gobierno como su equipo de trabajo, que en todo momento, mostraron disposici\u00f3n para hacer de Yucat\u00e1n Expone en el Z\u00f3calo una realidad.<\/p>\n\n\n\n<p>Ante la titular de la Secretar\u00eda de Econom\u00eda federal, Raquel Buenrostro S\u00e1nchez, Vila Dosal record\u00f3 que, desde hace 2 a\u00f1os, se estaba en pl\u00e1ticas para realizar esta exposici\u00f3n en la capital, pero se atraves\u00f3 la pandemia y es hasta ahora que se logr\u00f3 traer un pedazo de lo que Yucat\u00e1n tiene para ofrecer a la gente.<\/p>\n\n\n\n<figure class=\"wp-block-image\"><img decoding=\"async\" src=\"https:\/\/elchismografoenlared.com\/wp-content\/uploads\/2023\/05\/WhatsApp-Image-2023-05-12-at-4.54.33-PM-1.jpeg\" alt=\"\" class=\"wp-image-29509\" \/><\/figure>\n\n\n\n<p>Por otra parte, se\u00f1al\u00f3 que la entrada es completamente gratuita y para toda la familia, pues adem\u00e1s de las muestras cultural, comercial y gastron\u00f3mica, se ofrecen atractivos, como una experiencia inmersiva, la alberca rosada con flamencos y una galer\u00eda fotogr\u00e1fica.<\/p>\n\n\n\n<p>En presencia de los embajadores en M\u00e9xico de L\u00edbano, Sami Nmeir, y Filipinas, Catalino Jr Dilem Reinante, el Gobernador destac\u00f3 que el objetivo no s\u00f3lo es generar ventas, sino tambi\u00e9n relaciones comerciales a mediano y largo plazos, y promover los productos yucatecos, que tambi\u00e9n se puede encontrar en el segmento Hecho en Yucat\u00e1n, en la plataforma digital Mercado Libre.<\/p>\n\n\n\n<p>Finalmente, hizo una invitaci\u00f3n a acercarse a esta exposici\u00f3n y visitar Yucat\u00e1n, ya que es un estado rico en cultura, naturaleza y gastronom\u00eda, con su capital colonial, 16 zonas arqueol\u00f3gicas, 4 Pueblos M\u00e1gicos, 387 kil\u00f3metros de costa, reservas naturales, cenotes, haciendas y la calidez de la gente.<\/p>\n\n\n\n<figure class=\"wp-block-image\"><img decoding=\"async\" src=\"https:\/\/elchismografoenlared.com\/wp-content\/uploads\/2023\/05\/WhatsApp-Image-2023-05-12-at-4.54.30-PM.jpeg\" alt=\"\" class=\"wp-image-29508\" \/><\/figure>\n\n\n\n<p>En su primera edici\u00f3n en el Z\u00f3calo capitalino, esta muestra re\u00fane a representantes de 20 municipios, como Izamal, Tekit, Ticul, Teabo, Tixkokob, Um\u00e1n, Sinanch\u00e9, Xocchel, Muna, Progreso, Valladolid, Celest\u00fan, Halach\u00f3 y M\u00e9rida.<\/p>\n\n\n\n<p>A su vez, Sheinbaum Pardo afirm\u00f3 que esta acci\u00f3n es reflejo de la buena relaci\u00f3n entre Yucat\u00e1n y la capital del pa\u00eds, pues se ha firmado un convenio para impulsar este y otros temas, como turismo y movilidad, que fortalecen esta alianza bilateral.<\/p>\n\n\n\n<p>\u00abViniendo de partidos distintos hemos demostrado que es importante trabajar por nuestra ciudadan\u00eda, y les digo que este Z\u00f3calo es casa de todos los mexicanos y, hoy, recibe con mucho gusto al estado de Yucat\u00e1n\u00bb, a\u00f1adi\u00f3 y, posteriormente, ambos recorrieron el \u00e1rea de exposiciones, con 150 stands.<\/p>\n\n\n\n<figure class=\"wp-block-image\"><img decoding=\"async\" src=\"https:\/\/elchismografoenlared.com\/wp-content\/uploads\/2023\/05\/WhatsApp-Image-2023-05-12-at-4.54.31-PM-1.jpeg\" alt=\"\" class=\"wp-image-29505\" \/><\/figure>\n\n\n\n<p>Igualmente, Vila Dosal corrobor\u00f3 que lo que m\u00e1s buscan y disfrutan los capitalinos es la gastronom\u00eda, muestra a cargo de 4 restaurantes de comida tradicional, con guisos como cochinita pibil, lech\u00f3n enterrado, relleno negro, escabeche, empanadas de chaya y queso de bola, sopa de lima, papadzules, panuchos de pavo, kibis y longaniza de Valladolid, todo ello en tortas, tacos o tamales.<\/p>\n\n\n\n<p>Entre los atractivos que causaron mayor inter\u00e9s para las familias capitalinas, est\u00e1 el Paseo de Flores, camino de m\u00e1s de 100 metros de largo donde se exhibe arriba de 42,000 plantas, que forman figuras de elementos t\u00edpicos yucatecos, como pir\u00e1mides y arcos coloniales, y que igual visit\u00f3 el Gobernador.<\/p>\n\n\n\n<p>Cabe se\u00f1alar que tambi\u00e9n se brinda un programa art\u00edstico, con 2 presentaciones diarias, a las 12:30 y 18:30 horas, de la Orquesta T\u00edpica Yukalpet\u00e9n (OTY), el Ballet Folkl\u00f3rico del Estado \u201cAlfredo Cort\u00e9s Aguilar\u201d, las agrupaciones Trovanova y Muziek, la Orquesta Jaranera del Mayab y los solistas Maricarmen P\u00e9rez, Emma Alcocer, Jes\u00fas Armando, Jorge Buenfil y Javier Alcal\u00e1.<\/p>\n\n\n\n<figure class=\"wp-block-image\"><img decoding=\"async\" src=\"https:\/\/elchismografoenlared.com\/wp-content\/uploads\/2023\/05\/WhatsApp-Image-2023-05-12-at-4.54.31-PM.jpeg\" alt=\"\" class=\"wp-image-29506\" \/><\/figure>\n\n\n\n<p>Con esto, despu\u00e9s de casi 12 a\u00f1os, la OTY, m\u00e1xima instituci\u00f3n musical vern\u00e1cula de la entidad, con m\u00e1s de 81 a\u00f1os de existencia, regresa a Bellas Artes para dar 5 conciertos gratuitos. Con direcci\u00f3n de Pedro Carlos Herrera, se promover\u00e1 el patrimonio sonoro de autores como Augusto \u201cGuty\u201d C\u00e1rdenas, Rub\u00e9n Dar\u00edo Herrera, Ricardo Palmer\u00edn, Ermilo Padr\u00f3n L\u00f3pez y Armando Manzanero, por mencionar algunos.<\/p>\n\n\n\n<p>Lo que no puede faltar es la comedia regional, con segmentos de Los Chetos, Ruperta P\u00e9rez Sosa, Prima Soco y T\u00eda Chayo, quienes sacar\u00e1n m\u00e1s de una risa a la gente con sus ocurrencias. Tambi\u00e9n, el domingo 14 a las 16:00, habr\u00e1 una pasarela de guayaberas para mujeres, hombres y ni\u00f1os, con el fin de resaltar esta prenda emblem\u00e1tica del estado y refrendar a este como su capital.<\/p>\n\n\n\n<p>Yucat\u00e1n Expone no s\u00f3lo es un espacio cultural, tur\u00edstico y de entretenimiento para el visitante promedio, sino tambi\u00e9n una oportunidad para estrechar lazos comerciales m\u00e1s all\u00e1 de su duraci\u00f3n, mediante los recorridos guiados, a cargo de la Direcci\u00f3n de Comercio de la Secretar\u00eda de Fomento Econ\u00f3mico y Trabajo (Sefoet), para vincular a los expositores con compradores mayoristas de la capital.<\/p>\n\n\n\n<p>Despu\u00e9s de que, en 2022, la muestra lleg\u00f3 a otros lugares del pa\u00eds, como Durango, Chihuahua, Aguascalientes, Jalisco y las alcald\u00edas La Magdalena Contreras, \u00c1lvaro Obreg\u00f3n y Coyoac\u00e1n, en la Ciudad de M\u00e9xico, este esquema contin\u00faa su recorrido este 2023, iniciando en este emblem\u00e1tico lugar, gracias a la colaboraci\u00f3n de los Gobiernos de Yucat\u00e1n y la Ciudad de M\u00e9xico.<\/p>\n","protected":false},"excerpt":{"rendered":"<p>CIUDAD DE M\u00c9XICO.- El Z\u00f3calo de Ciudad de M\u00e9xico se llena de tradiciones, colores y sabores yucatecos, con el programa Yucat\u00e1n Expone, que el Gobernador Mauricio Vila Dosal y la<\/p>\n","protected":false},"author":2,"featured_media":109283,"comment_status":"open","ping_status":"open","sticky":false,"template":"","format":"standard","meta":{"jetpack_post_was_ever_published":false,"_jetpack_newsletter_access":"","_jetpack_dont_email_post_to_subs":false,"_jetpack_newsletter_tier_id":0,"_jetpack_memberships_contains_paywalled_content":false,"_jetpack_memberships_contains_paid_content":false,"footnotes":"","jetpack_publicize_message":"El Gobernador Mauricio Vila Dosal inaugur\u00f3 la muestra donde hasta el 21 de mayo el estado ofrece un pedacito de lo mucho que tiene, a trav\u00e9s de productos, artesan\u00edas, actividades culturales y gastronom\u00eda.","jetpack_publicize_feature_enabled":true,"jetpack_social_post_already_shared":true,"jetpack_social_options":{"image_generator_settings":{"template":"highway","default_image_id":0,"font":"","enabled":false},"version":2}},"categories":[17],"tags":[],"class_list":["post-109281","post","type-post","status-publish","format-standard","has-post-thumbnail","hentry","category-politica-y-gobierno"],"jetpack_publicize_connections":[],"jetpack_featured_media_url":"https:\/\/formalprision.com\/wp-content\/uploads\/2023\/05\/WhatsApp-Image-2023-05-12-at-4.54.32-PM.jpeg","jetpack_sharing_enabled":true,"jetpack_shortlink":"https:\/\/wp.me\/p6id8p-sqB","_links":{"self":[{"href":"https:\/\/formalprision.com\/index.php?rest_route=\/wp\/v2\/posts\/109281","targetHints":{"allow":["GET"]}}],"collection":[{"href":"https:\/\/formalprision.com\/index.php?rest_route=\/wp\/v2\/posts"}],"about":[{"href":"https:\/\/formalprision.com\/index.php?rest_route=\/wp\/v2\/types\/post"}],"author":[{"embeddable":true,"href":"https:\/\/formalprision.com\/index.php?rest_route=\/wp\/v2\/users\/2"}],"replies":[{"embeddable":true,"href":"https:\/\/formalprision.com\/index.php?rest_route=%2Fwp%2Fv2%2Fcomments&post=109281"}],"version-history":[{"count":1,"href":"https:\/\/formalprision.com\/index.php?rest_route=\/wp\/v2\/posts\/109281\/revisions"}],"predecessor-version":[{"id":109282,"href":"https:\/\/formalprision.com\/index.php?rest_route=\/wp\/v2\/posts\/109281\/revisions\/109282"}],"wp:featuredmedia":[{"embeddable":true,"href":"https:\/\/formalprision.com\/index.php?rest_route=\/wp\/v2\/media\/109283"}],"wp:attachment":[{"href":"https:\/\/formalprision.com\/index.php?rest_route=%2Fwp%2Fv2%2Fmedia&parent=109281"}],"wp:term":[{"taxonomy":"category","embeddable":true,"href":"https:\/\/formalprision.com\/index.php?rest_route=%2Fwp%2Fv2%2Fcategories&post=109281"},{"taxonomy":"post_tag","embeddable":true,"href":"https:\/\/formalprision.com\/index.php?rest_route=%2Fwp%2Fv2%2Ftags&post=109281"}],"curies":[{"name":"wp","href":"https:\/\/api.w.org\/{rel}","templated":true}]}}