{"id":109284,"date":"2023-05-13T11:31:02","date_gmt":"2023-05-13T16:31:02","guid":{"rendered":"https:\/\/formalprision.com\/?p=109284"},"modified":"2023-05-15T12:25:34","modified_gmt":"2023-05-15T17:25:34","slug":"no-son-marihuanos-es-informacion-que-cura","status":"publish","type":"post","link":"https:\/\/formalprision.com\/?p=109284","title":{"rendered":"No son marihuanos, es informaci\u00f3n que cura"},"content":{"rendered":"\n<p>M\u00c9RIDA, Yucat\u00e1n.- Aunque Ricardo Garc\u00eda, director de Cultura Semilla, es promotor del uso terape\u00fatico de la canabbis, no recreativo, las autoridades le han dado trato de \u00abmini-narco\u00bb, como si fuera distribuidor de drogas que \u00abenvenenan\u00bb a los j\u00f3venes, y ha tenido que cumplir sus arrestos administrativos, nada m\u00e1s hasta ah\u00ed, pues no le pueden sostener la acusaci\u00f3n.<\/p>\n\n\n\n<p>Por eso ahora anda, como si fuera un escapulario, una copia plastilizada de la autorizaci\u00f3n que v\u00eda amparo le otorg\u00f3 la Cofepris, aunque aclara que es un permiso colectivo, que protege a varias personas.<\/p>\n\n\n\n<p>Es un \u00abdetente\u00bb que lo acompa\u00f1a cuando acude a dar pl\u00e1ticas, a impartir talleres sobre el uso terap\u00e9utico de la marihuana o a dar entrevistas como la que ofreci\u00f3 a este medio, a la que lleg\u00f3 con su camisa \u00abcan\u00e1bbica\u00bb (de hojas de canabbis), una gre\u00f1a de la yerba sin semilla y dos muestras de los derivados que se podr\u00edan usar en el tratamientos.<\/p>\n\n\n\n<p>Como todo un experto, pues desde el 2019 esto se volvi\u00f3 su modo de vida, Ricardo afirma que el CBD inhibe las c\u00e9lulas del c\u00e1ncer, pero el THC las destruye. Tanto el CBD como el THC son canabbinoides que se utilizan en tratamientos terap\u00e9uticos, no medicinales, aclara el director de Cultura Semilla.<\/p>\n\n\n\n<p>\u00abEl CBD, que es mucho menos concentrado que el THC, se utiliza para padecimientos como fibromialgia, autismo, hiperactividad, epilepsia y dolores cr\u00f3nico\u00bb, explica Ricardo, quien es muy claro sobre su actividad.<\/p>\n\n\n\n<figure class=\"wp-block-image size-full\"><a href=\"http:\/\/formalprision.com\/wp-content\/uploads\/2023\/05\/drga.jpg\"><img loading=\"lazy\" decoding=\"async\" width=\"900\" height=\"495\" src=\"http:\/\/formalprision.com\/wp-content\/uploads\/2023\/05\/drga.jpg\" alt=\"\" class=\"wp-image-109287\" srcset=\"https:\/\/formalprision.com\/wp-content\/uploads\/2023\/05\/drga.jpg 900w, https:\/\/formalprision.com\/wp-content\/uploads\/2023\/05\/drga-300x165.jpg 300w, https:\/\/formalprision.com\/wp-content\/uploads\/2023\/05\/drga-768x422.jpg 768w\" sizes=\"auto, (max-width: 900px) 100vw, 900px\" \/><\/a><\/figure>\n\n\n\n<p>\u00abNo promovemos bajo ning\u00fan contexto la venta de materia vegetal (la yerba) as\u00ed como su uso l\u00fadico o recreativo (sentarse a fumar un porro), sino que promovemos el uso de las autorizaciones sanitarias as\u00ed como el uso medicinal\u00bb, asegura.<\/p>\n\n\n\n<p>Actualmente los avances en las autorizaciones para el uso medicinal de la planta est\u00e1n detenidos, y sus promotores como Ricardo ven un panorama pesimista, al menos en este sexenio, pues el presidente L\u00f3pez Obrador tuvo miedo de arriesgar su capital pol\u00edtico, pese a que la legalizaci\u00f3n fue una de sus banderas.<\/p>\n\n\n\n<p>Los mexicanos no podemos cultivar la planta con fines medicinales\/terap\u00e9uticos, tenemos que importar la materia prima de Canad\u00e1, porque es lo \u00fanico que permite nuestro gobierno, lamenta Ricardo Garc\u00eda.<\/p>\n\n\n\n<p>\u00abSi se permitiera el ciclo completo de la producci\u00f3n, industrializaci\u00f3n y venta, M\u00e9xico podr\u00eda elevar su Producto Interno Bruto (PIB) hasta en un seis por ciento\u00bb, afirma.<\/p>\n\n\n\n<p>Por ahora, en Yucat\u00e1n tendr\u00e1n que seguir enfrent\u00e1ndose a detenciones como la que ocurri\u00f3 en enero pasado, durante el evento denominado \u00abRoscanabbis\u00bb, cuando agentes de la Polic\u00eda Estatal de Investigaci\u00f3n irrumpieron en ese evento cultural y detuvieron a los organizadores.<\/p>\n\n\n\n<p>Tambi\u00e9n no ser\u00e1 posible erradicar cateos como el que sufri\u00f3 Ricardo en su domicilio, donde por recelo de vecinos, pero m\u00e1s que nada por desconocimiento, denunciaron que vend\u00eda marihuana.<\/p>\n\n\n\n<p>Un tiempo despu\u00e9s una de esas denunciantes recurri\u00f3 a Ricardo por el padecimiento incurable de un familiar, y no solo le pidi\u00f3 disculpas sino que se convirti\u00f3 en fiel seguidora de los tratamientos terap\u00e9uticos, a tal grado que es una de las mejores promotoras y ha recomendado a varias personas.<\/p>\n\n\n\n<p>Para m\u00e1s informaci\u00f3n sobre estos tratamiento terap\u00e9uticos busca la cuenta de Cultura Semilla en Facebook.<\/p>\n","protected":false},"excerpt":{"rendered":"<p>M\u00c9RIDA, Yucat\u00e1n.- Aunque Ricardo Garc\u00eda, director de Cultura Semilla, es promotor del uso terape\u00fatico de la canabbis, no recreativo, las autoridades le han dado trato de \u00abmini-narco\u00bb, como si fuera<\/p>\n","protected":false},"author":2,"featured_media":109286,"comment_status":"open","ping_status":"open","sticky":false,"template":"","format":"standard","meta":{"jetpack_post_was_ever_published":false,"_jetpack_newsletter_access":"","_jetpack_dont_email_post_to_subs":false,"_jetpack_newsletter_tier_id":0,"_jetpack_memberships_contains_paywalled_content":false,"_jetpack_memberships_contains_paid_content":false,"footnotes":"","jetpack_publicize_message":"El camino de los tratamientos terap\u00e9uticos con canabbis en Yucat\u00e1n ha sido particularmente dif\u00edcil, por la sociedad cerrada y por la polic\u00eda.","jetpack_publicize_feature_enabled":true,"jetpack_social_post_already_shared":true,"jetpack_social_options":{"image_generator_settings":{"template":"highway","default_image_id":0,"font":"","enabled":false},"version":2}},"categories":[33],"tags":[],"class_list":["post-109284","post","type-post","status-publish","format-standard","has-post-thumbnail","hentry","category-cultura"],"jetpack_publicize_connections":[],"jetpack_featured_media_url":"https:\/\/formalprision.com\/wp-content\/uploads\/2023\/05\/WhatsApp-Image-2023-05-13-at-7.15.38-AM.jpeg","jetpack_sharing_enabled":true,"jetpack_shortlink":"https:\/\/wp.me\/p6id8p-sqE","_links":{"self":[{"href":"https:\/\/formalprision.com\/index.php?rest_route=\/wp\/v2\/posts\/109284","targetHints":{"allow":["GET"]}}],"collection":[{"href":"https:\/\/formalprision.com\/index.php?rest_route=\/wp\/v2\/posts"}],"about":[{"href":"https:\/\/formalprision.com\/index.php?rest_route=\/wp\/v2\/types\/post"}],"author":[{"embeddable":true,"href":"https:\/\/formalprision.com\/index.php?rest_route=\/wp\/v2\/users\/2"}],"replies":[{"embeddable":true,"href":"https:\/\/formalprision.com\/index.php?rest_route=%2Fwp%2Fv2%2Fcomments&post=109284"}],"version-history":[{"count":2,"href":"https:\/\/formalprision.com\/index.php?rest_route=\/wp\/v2\/posts\/109284\/revisions"}],"predecessor-version":[{"id":109288,"href":"https:\/\/formalprision.com\/index.php?rest_route=\/wp\/v2\/posts\/109284\/revisions\/109288"}],"wp:featuredmedia":[{"embeddable":true,"href":"https:\/\/formalprision.com\/index.php?rest_route=\/wp\/v2\/media\/109286"}],"wp:attachment":[{"href":"https:\/\/formalprision.com\/index.php?rest_route=%2Fwp%2Fv2%2Fmedia&parent=109284"}],"wp:term":[{"taxonomy":"category","embeddable":true,"href":"https:\/\/formalprision.com\/index.php?rest_route=%2Fwp%2Fv2%2Fcategories&post=109284"},{"taxonomy":"post_tag","embeddable":true,"href":"https:\/\/formalprision.com\/index.php?rest_route=%2Fwp%2Fv2%2Ftags&post=109284"}],"curies":[{"name":"wp","href":"https:\/\/api.w.org\/{rel}","templated":true}]}}