{"id":109297,"date":"2023-05-13T23:51:38","date_gmt":"2023-05-14T04:51:38","guid":{"rendered":"https:\/\/formalprision.com\/?p=109297"},"modified":"2023-05-15T12:24:31","modified_gmt":"2023-05-15T17:24:31","slug":"colores-y-cultura-del-estado-inundan-el-zocalo-de-la-ciudad-de-mexico","status":"publish","type":"post","link":"https:\/\/formalprision.com\/?p=109297","title":{"rendered":"Colores y cultura del estado inundan el Z\u00f3calo de la Ciudad de M\u00e9xico"},"content":{"rendered":"\n<p>Ciudad de M\u00e9xico, 13 de mayo de 2023.- Cultura, artesan\u00edas, prendas t\u00edpicas, tradiciones y dem\u00e1s productos del estado cautivaron a la Ciudad de M\u00e9xico a trav\u00e9s de Yucat\u00e1n Expone, estrategia que impulsa el gobernador Mauricio Vila Dosal para atraer lazos comerciales a artesanos, emprendedores y productores, logrando que este a\u00f1o sea sede el Z\u00f3calo, la plaza expositora m\u00e1s importante del pa\u00eds.<\/p>\n\n\n\n<p>Atra\u00eddas por todo lo que compone la cultura yucateca, desde sus prendas t\u00edpicas, artesan\u00edas, dulces t\u00edpicos, botanas y dem\u00e1s, en su segundo d\u00eda, la muestra reuni\u00f3 a miles de personas y familias enteras para probar un pedacito de la entidad, como la de la capitalina Ericka Vel\u00e1zquez, quien se tom\u00f3 la fotograf\u00eda del recuerdo con sus parientes.<\/p>\n\n\n\n<p>Ella se\u00f1al\u00f3 que con esta exhibici\u00f3n pudieron conocer m\u00e1s de Yucat\u00e1n, y lo que m\u00e1s llam\u00f3 su atenci\u00f3n fueron las artesan\u00edas y la comida t\u00edpica. \u201cMe encant\u00f3. Compramos bolitas de queso para mi mam\u00e1, que le encantan; la salsa de habanero para mis hermanos, y ahora iremos a probar la gastronom\u00eda, se nos antojan unos panuchos y algo de chocolate\u201d, indic\u00f3.<\/p>\n\n\n\n<p>Igualmente, invit\u00f3 a la ciudadan\u00eda a visitar el sitio: \u201c\u00a1Vengan, est\u00e1 incre\u00edble! Van a comer muy rico y van a disfrutar mucho en familia de todo lo que se encuentra aqu\u00ed\u201d. Este s\u00e1bado, la Orquesta T\u00edpica Yukalpet\u00e9n ofreci\u00f3 la Gala Yucateca y estuvo el Paseo de Flores, camino de m\u00e1s de 100 metros de largo arriba de 42,000 plantas forman figuras de elementos t\u00edpicos, como mosaicos, pir\u00e1mides y arcos coloniales.<\/p>\n\n\n\n<p>Tambi\u00e9n, hubo una experiencia inmersiva de caleidoscopio, la alberca rosada con flamencos, galer\u00eda fotogr\u00e1fica y distintas photo opportunities, que contribuyen con la promoci\u00f3n del estado, como constat\u00f3 Hilda Alfaro, a quien lo que m\u00e1s le gust\u00f3 fueron las prendas de vestir y el trayecto bot\u00e1nico, y asegur\u00f3 que \u201ces una Expo muy completa; comimos tamal de cochinita, sopa de lima y agua de chaya; invitamos a que vengan porque, de esta forma, apoyamos al estado\u201d.<\/p>\n\n\n\n<p>Cabe recordar que, en 2022, la muestra lleg\u00f3 a otros lugares del pa\u00eds, como Durango, Chihuahua, Aguascalientes, Jalisco y las alcald\u00edas La Magdalena Contreras, \u00c1lvaro Obreg\u00f3n y Coyoac\u00e1n en la Ciudad de M\u00e9xico; este a\u00f1o, contin\u00faa su recorrido en este emblem\u00e1tico lugar, gracias a la colaboraci\u00f3n de los Gobiernos de Yucat\u00e1n y la Ciudad de M\u00e9xico.<\/p>\n\n\n\n<p>Am\u00e9rica Pantoja Couoh, de la empresa de vestimenta t\u00edpica Creaciones Anita, de Muna, comparti\u00f3 que esta muestra significa una gran oportunidad para los artesanos provenientes de muchos municipios de dar a conocer sus creaciones en otros territorios. \u201cHemos tenido la participaci\u00f3n de mucha gente y tambi\u00e9n nos han buscado personas que quieren comercializar nuestras prendas para otras partes del pa\u00eds; los invitamos a visitarnos y disfrutar de un pedacito de Yucat\u00e1n que traemos para todos ustedes\u201d, a\u00f1adi\u00f3.<\/p>\n\n\n\n<p>Yucat\u00e1n Expone lleva un pedacito de la entidad a Ciudad de M\u00e9xico, del 12 al 21 de mayo, con la participaci\u00f3n de m\u00e1s de 270 micro, peque\u00f1as y medianas empresas, con bienes hechos por 800 artesanos, como salsas, condimentos, prendas de vestir, calzado, artesan\u00edas, licores, miel, horchatas, concentrados, productos naturales, caf\u00e9, hamacas, bolsas, joyer\u00eda y bisuter\u00eda, marquesitas y alimentos al vac\u00edo, entre otros.<\/p>\n\n\n\n<p>En su primera edici\u00f3n en el Z\u00f3calo capitalino, re\u00fane a representantes de 20 demarcaciones, como Izamal, Tekit, Ticul, Teabo, Tixkokob, Um\u00e1n, Sinanch\u00e9, Xocchel, Muna, Progreso, Valladolid, Celest\u00fan, Halach\u00f3 y M\u00e9rida, en un \u00e1rea de exposiciones con 150 stands.<\/p>\n\n\n\n<p>Asimismo, se brinda un programa art\u00edstico, con 2 presentaciones diarias, a las 12:30 y 18:30 horas, de las Orquestas T\u00edpica Yukalpet\u00e9n (OTY) y Jaranera del Mayab, el Ballet Folkl\u00f3rico del Estado \u201cAlfredo Cort\u00e9s Aguilar\u201d, las agrupaciones Trovanova y Muziek o los solistas Maricarmen P\u00e9rez, Emma Alcocer, Jes\u00fas Armando, Jorge Buenfil y Javier Alcal\u00e1.<\/p>\n\n\n\n<p>Ma\u00f1ana domingo, despu\u00e9s de casi 12 a\u00f1os, la OTY, m\u00e1xima instituci\u00f3n musical vern\u00e1cula de la entidad, con m\u00e1s de 81 a\u00f1os de existencia, regresa a Bellas Artes para dar 5 conciertos gratuitos. Con direcci\u00f3n de Pedro Carlos Herrera, se promover\u00e1 el patrimonio sonoro de autores como Augusto \u201cGuty\u201d C\u00e1rdenas, Rub\u00e9n Dar\u00edo Herrera, Ricardo Palmer\u00edn, Ermilo Padr\u00f3n L\u00f3pez y Armando Manzanero.<\/p>\n\n\n\n<p>Tambi\u00e9n, estar\u00e1 presente la comedia regional, con segmentos de Los Chetos, Ruperta P\u00e9rez Sosa, Prima Soco y T\u00eda Chayo, quienes sacar\u00e1n m\u00e1s de una risa a la gente con sus ocurrencias, y se realizar\u00e1 una pasarela de guayaberas para mujeres, hombres y ni\u00f1os, con el fin de resaltar esta prenda emblem\u00e1tica de la regi\u00f3n y refrendar a esta como su capital.<\/p>\n","protected":false},"excerpt":{"rendered":"<p>Ciudad de M\u00e9xico, 13 de mayo de 2023.- Cultura, artesan\u00edas, prendas t\u00edpicas, tradiciones y dem\u00e1s productos del estado cautivaron a la Ciudad de M\u00e9xico a trav\u00e9s de Yucat\u00e1n Expone, estrategia<\/p>\n","protected":false},"author":1,"featured_media":109298,"comment_status":"open","ping_status":"open","sticky":false,"template":"","format":"standard","meta":{"jetpack_post_was_ever_published":false,"_jetpack_newsletter_access":"","_jetpack_dont_email_post_to_subs":false,"_jetpack_newsletter_tier_id":0,"_jetpack_memberships_contains_paywalled_content":false,"_jetpack_memberships_contains_paid_content":false,"footnotes":"","jetpack_publicize_message":"","jetpack_publicize_feature_enabled":true,"jetpack_social_post_already_shared":true,"jetpack_social_options":{"image_generator_settings":{"template":"highway","default_image_id":0,"font":"","enabled":false},"version":2}},"categories":[17],"tags":[],"class_list":["post-109297","post","type-post","status-publish","format-standard","has-post-thumbnail","hentry","category-politica-y-gobierno"],"jetpack_publicize_connections":[],"jetpack_featured_media_url":"https:\/\/formalprision.com\/wp-content\/uploads\/2023\/05\/IMG-20230513-WA0032.jpg","jetpack_sharing_enabled":true,"jetpack_shortlink":"https:\/\/wp.me\/p6id8p-sqR","_links":{"self":[{"href":"https:\/\/formalprision.com\/index.php?rest_route=\/wp\/v2\/posts\/109297","targetHints":{"allow":["GET"]}}],"collection":[{"href":"https:\/\/formalprision.com\/index.php?rest_route=\/wp\/v2\/posts"}],"about":[{"href":"https:\/\/formalprision.com\/index.php?rest_route=\/wp\/v2\/types\/post"}],"author":[{"embeddable":true,"href":"https:\/\/formalprision.com\/index.php?rest_route=\/wp\/v2\/users\/1"}],"replies":[{"embeddable":true,"href":"https:\/\/formalprision.com\/index.php?rest_route=%2Fwp%2Fv2%2Fcomments&post=109297"}],"version-history":[{"count":1,"href":"https:\/\/formalprision.com\/index.php?rest_route=\/wp\/v2\/posts\/109297\/revisions"}],"predecessor-version":[{"id":109299,"href":"https:\/\/formalprision.com\/index.php?rest_route=\/wp\/v2\/posts\/109297\/revisions\/109299"}],"wp:featuredmedia":[{"embeddable":true,"href":"https:\/\/formalprision.com\/index.php?rest_route=\/wp\/v2\/media\/109298"}],"wp:attachment":[{"href":"https:\/\/formalprision.com\/index.php?rest_route=%2Fwp%2Fv2%2Fmedia&parent=109297"}],"wp:term":[{"taxonomy":"category","embeddable":true,"href":"https:\/\/formalprision.com\/index.php?rest_route=%2Fwp%2Fv2%2Fcategories&post=109297"},{"taxonomy":"post_tag","embeddable":true,"href":"https:\/\/formalprision.com\/index.php?rest_route=%2Fwp%2Fv2%2Ftags&post=109297"}],"curies":[{"name":"wp","href":"https:\/\/api.w.org\/{rel}","templated":true}]}}