{"id":109316,"date":"2023-05-15T08:50:48","date_gmt":"2023-05-15T13:50:48","guid":{"rendered":"https:\/\/formalprision.com\/?p=109316"},"modified":"2023-05-16T10:41:51","modified_gmt":"2023-05-16T15:41:51","slug":"aseguran-que-la-arquitectura-yucateca-vive-un-momento-historico","status":"publish","type":"post","link":"https:\/\/formalprision.com\/?p=109316","title":{"rendered":"Aseguran que la arquitectura yucateca vive un momento hist\u00f3rico"},"content":{"rendered":"\n<p>M\u00c9RIDA, Yucat\u00e1n.- Como parte de la fiesta cultural Noche Blanca, se llev\u00f3 a cabo en el emblem\u00e1tico Paseo de Montejo la exposici\u00f3n art\u00edstica \u00abPasi\u00f3n por la Arquitectura\u00bb, organizada por la desarrolladora inmobiliaria yucateca Grupo Axeda y por el Colegio Yucateco de Arquitectos.<\/p>\n\n\n\n<p>En el evento se expusieron las obras de la prestigiada Bienal Yucateca de Arquitectura, que comprende lo mejor de la arquitectura del estado, desde la remodelaci\u00f3n de casas hist\u00f3ricas de M\u00e9rida, hasta espacios contempor\u00e1neos multipremiados a nivel nacional e internacional.<\/p>\n\n\n\n<p>Sol Coatl D\u00edas L\u00ednez, Director General y socio fundador de Grupo Axeda, se\u00f1al\u00f3 que para Axeda es un honor ser sede de esta muestra, que es la evidencia de la calidad arquitect\u00f3nica que se tiene en Yucat\u00e1n, y por supuesto de la calidad inmobiliaria.<\/p>\n\n\n\n<p>Asegur\u00f3 que la arquitectura en Yucat\u00e1n est\u00e1 viviendo un momento hist\u00f3rico y destacado de la mano del Colegio, al igual que el sector inmobiliario, pues est\u00e1 captando atenci\u00f3n a nivel nacional e incluso internacional.<\/p>\n\n\n\n<p>\u00a8Somos testigos de ese momento importante para el sector inmobiliario, pues nuestros desarrollos como el fraccionamiento de terrenos residenciales ROSAVENTO Ciudad Maya ha tenido una gran aceptaci\u00f3n a nivel nacional e incluso contamos con un gran n\u00famero de clientes internacionales. Por las amenidades premium que hemos incluido en este desarrollo, pero tambi\u00e9n por sus detalles y espacios arquitect\u00f3nicos\u201d, afirm\u00f3.<\/p>\n\n\n\n<p>Por su parte, el arquitecto Miguel Sosa Correa, presidente del Colegio de Arquitectos de Yucat\u00e1n, dijo que la exposici\u00f3n tiene como objetivo que la Bienal Yucateca de Arquitectura y la difusi\u00f3n de la calidad de sus obras de las diferentes categor\u00edas llegue a toda la sociedad yucateca.<\/p>\n\n\n\n<p>\u00abComo colegio no solo nos une con Grupo Axeda esta importante muestra arquitect\u00f3nica, tambi\u00e9n nos une la labor de promover el profesionalismo, las buenas pr\u00e1cticas, la certeza y la formalidad en el sector. Esa es nuestra meta en com\u00fan, sobre todo en el momento importante y por el crecimiento que experimenta M\u00e9rida\u00bb, mencion\u00f3 Sosa Correa.<\/p>\n\n\n\n<p>Al finalizar el evento inaugural se llev\u00f3 a cabo un recorrido por las obras y una cata de cervezas para los asistentes.<\/p>\n\n\n\n<p>Para conocer m\u00e1s sobre el evento pueden visitar la p\u00e1gina: www.axeda.mx<\/p>\n\n\n\n<p>Estuvieron presentes en el evento por parte de Grupo Axeda, Antonio Canto Molina, Director de Expansi\u00f3n y socio fundador, Mayra Lee Mart\u00ednez, Directora Nacional de Ventas y Luis Acereto Suaste, Director de Comunicaci\u00f3n y Relaciones P\u00fablicas.<\/p>\n\n\n\n<p>Por parte del Colegio Yucateco de Arquitectos, el Arq. Miguel Sosa Correa, Presidente del Colegio de Arquitectos de Yucat\u00e1n y Diana Pi\u00f1a, Presidente del Colegio de Arquitectos de Campeche.<\/p>\n\n\n\n<p>Tambi\u00e9n estuvieron presente Naomi Peniche L\u00f3pez presidenta de la C\u00e1mara Nacional de la Mujer, Jorge Zavala Castro, Director del Observatorio de la Salud de Yucat\u00e1n y Alejandro Rivas, Presidente de C\u00e1mara Nacional de la Industria de Radio y Televisi\u00f3n, y Aaron Rosado, Enlace de la Subsecretar\u00eda de Transporte de la SCT.<\/p>\n","protected":false},"excerpt":{"rendered":"<p>M\u00c9RIDA, Yucat\u00e1n.- Como parte de la fiesta cultural Noche Blanca, se llev\u00f3 a cabo en el emblem\u00e1tico Paseo de Montejo la exposici\u00f3n art\u00edstica \u00abPasi\u00f3n por la Arquitectura\u00bb, organizada por la<\/p>\n","protected":false},"author":2,"featured_media":109318,"comment_status":"open","ping_status":"open","sticky":false,"template":"","format":"standard","meta":{"jetpack_post_was_ever_published":false,"_jetpack_newsletter_access":"","_jetpack_dont_email_post_to_subs":false,"_jetpack_newsletter_tier_id":0,"_jetpack_memberships_contains_paywalled_content":false,"_jetpack_memberships_contains_paid_content":false,"footnotes":"","jetpack_publicize_message":"Bienal Yucateca de Arquitectura engalana la Noche Blanca de M\u00e9rida, en la sede de Grupo Axeda en Montejo.","jetpack_publicize_feature_enabled":true,"jetpack_social_post_already_shared":true,"jetpack_social_options":{"image_generator_settings":{"template":"highway","default_image_id":0,"font":"","enabled":false},"version":2}},"categories":[33],"tags":[],"class_list":["post-109316","post","type-post","status-publish","format-standard","has-post-thumbnail","hentry","category-cultura"],"jetpack_publicize_connections":[],"jetpack_featured_media_url":"https:\/\/formalprision.com\/wp-content\/uploads\/2023\/05\/PROTOCOLO-SOL-DIAS.jpeg","jetpack_sharing_enabled":true,"jetpack_shortlink":"https:\/\/wp.me\/p6id8p-sra","_links":{"self":[{"href":"https:\/\/formalprision.com\/index.php?rest_route=\/wp\/v2\/posts\/109316","targetHints":{"allow":["GET"]}}],"collection":[{"href":"https:\/\/formalprision.com\/index.php?rest_route=\/wp\/v2\/posts"}],"about":[{"href":"https:\/\/formalprision.com\/index.php?rest_route=\/wp\/v2\/types\/post"}],"author":[{"embeddable":true,"href":"https:\/\/formalprision.com\/index.php?rest_route=\/wp\/v2\/users\/2"}],"replies":[{"embeddable":true,"href":"https:\/\/formalprision.com\/index.php?rest_route=%2Fwp%2Fv2%2Fcomments&post=109316"}],"version-history":[{"count":1,"href":"https:\/\/formalprision.com\/index.php?rest_route=\/wp\/v2\/posts\/109316\/revisions"}],"predecessor-version":[{"id":109317,"href":"https:\/\/formalprision.com\/index.php?rest_route=\/wp\/v2\/posts\/109316\/revisions\/109317"}],"wp:featuredmedia":[{"embeddable":true,"href":"https:\/\/formalprision.com\/index.php?rest_route=\/wp\/v2\/media\/109318"}],"wp:attachment":[{"href":"https:\/\/formalprision.com\/index.php?rest_route=%2Fwp%2Fv2%2Fmedia&parent=109316"}],"wp:term":[{"taxonomy":"category","embeddable":true,"href":"https:\/\/formalprision.com\/index.php?rest_route=%2Fwp%2Fv2%2Fcategories&post=109316"},{"taxonomy":"post_tag","embeddable":true,"href":"https:\/\/formalprision.com\/index.php?rest_route=%2Fwp%2Fv2%2Ftags&post=109316"}],"curies":[{"name":"wp","href":"https:\/\/api.w.org\/{rel}","templated":true}]}}