{"id":109326,"date":"2023-05-15T13:25:43","date_gmt":"2023-05-15T18:25:43","guid":{"rendered":"https:\/\/formalprision.com\/?p=109326"},"modified":"2023-05-15T20:47:40","modified_gmt":"2023-05-16T01:47:40","slug":"bellas-artes-en-cdmx-celebra-con-la-orquesta-tipica-yukalpeten","status":"publish","type":"post","link":"https:\/\/formalprision.com\/?p=109326","title":{"rendered":"Bellas Artes en CDMX celebra con la Orquesta T\u00edpica Yukalpet\u00e9n"},"content":{"rendered":"\n<p>CIUDAD DE M\u00c9XICO.- Acordes solemnes de un Yucat\u00e1n m\u00edstico levantaron el tel\u00f3n de la sala principal del imponente Palacio de Bellas Artes, la batuta de Pedro Carlos Herrera y la magistral interpretaci\u00f3n de la Orquesta T\u00edpica Yukalpet\u00e9n (OTY), revivieron las memorias de Luis Rosado Vega y Augusto \u201cGuty\u201d C\u00e1rdenas a trav\u00e9s de \u201cCaminante del Mayab\u201d, que marc\u00f3 el inicio de un concierto hist\u00f3rico para celebrar a la m\u00e1xima instituci\u00f3n musical de la entidad, nuestra OTY.<\/p>\n\n\n\n<p>La tradici\u00f3n y escuela de este semillero de talentos cuyo primer director art\u00edstico fue Daniel Ayala P\u00e9rez, qued\u00f3 de manifiesto en esta cita con el p\u00fablico capitalino que por cuarta ocasi\u00f3n disfrut\u00f3, en el escenario m\u00e1s destacado de Am\u00e9rica Latina, de composiciones e interpretaciones dignas de un evento de gala en las voces de Maricarmen P\u00e9rez, Emma Isabel, Javier Alcal\u00e1 y Jes\u00fas Armando, solistas de la agrupaci\u00f3n que compartieron programa con Rodrigo de la Cadena y Jorge Buenfil, \u00edconos de la bohemia y el romanticismo.<\/p>\n\n\n\n<p>Este evento, que extiende las conmemoraciones por los 81 a\u00f1os de fundaci\u00f3n de la T\u00edpica Yukalpet\u00e9n propici\u00f3 un lleno total en el recinto enclavado en el coraz\u00f3n de la Ciudad de M\u00e9xico (CDMX), previa invitaci\u00f3n mediante la estrategia pro cultura, turismo y econom\u00eda Yucat\u00e1n Expone, encabezada por el Gobernador Mauricio Vila Dosal como una forma de promover el talento de las y los yucatecos en distintas \u00e1reas, abarcando lo art\u00edstico y comercial.<\/p>\n\n\n\n<p>Con cuatro presentaciones exitosas en el z\u00f3calo de la CDMX, la OTY concluy\u00f3 su presencia en suelo azteca con un magno concierto gratuito en el Palacio de Bellas Artes, que despu\u00e9s de casi 12 a\u00f1os de ausencia volvi\u00f3 a albergar la inspiraci\u00f3n de Armando Manzanero, Enrique \u201cCoqui\u201d Navarro, Ricardo Palmer\u00edn, Juan Acereto, Guadalupe Trigo y Sergio Esquivel, por mencionar algunos autores del repertorio.<\/p>\n\n\n\n<figure class=\"wp-block-image size-full\"><a href=\"http:\/\/formalprision.com\/wp-content\/uploads\/2023\/05\/OTY-en-Bellas-Artes-3.jpg\"><img loading=\"lazy\" decoding=\"async\" width=\"900\" height=\"599\" src=\"http:\/\/formalprision.com\/wp-content\/uploads\/2023\/05\/OTY-en-Bellas-Artes-3.jpg\" alt=\"\" class=\"wp-image-109329\" srcset=\"https:\/\/formalprision.com\/wp-content\/uploads\/2023\/05\/OTY-en-Bellas-Artes-3.jpg 900w, https:\/\/formalprision.com\/wp-content\/uploads\/2023\/05\/OTY-en-Bellas-Artes-3-300x200.jpg 300w, https:\/\/formalprision.com\/wp-content\/uploads\/2023\/05\/OTY-en-Bellas-Artes-3-768x511.jpg 768w\" sizes=\"auto, (max-width: 900px) 100vw, 900px\" \/><\/a><\/figure>\n\n\n\n<p>\u00abLes agradecemos su presencia en este foro cultural, el m\u00e1s importante de Am\u00e9rica Latina. Cada vez que venimos a la Ciudad de M\u00e9xico nos sentimos muy cobijados por ustedes, que son la raz\u00f3n de la existencia de esta orquesta\u00bb, subray\u00f3 el director art\u00edstico de la OTY, Pedro Carlos Herrera al saludar a una sala plet\u00f3rica que recibi\u00f3 con aplausos los arreglos de metales y percusiones de \u00abBonita\u00bb, de la autor\u00eda del yucateco Jos\u00e9 Antonio \u201cMon\u00eds\u201d Zorrilla Mart\u00ednez.<\/p>\n\n\n\n<p>Con emoci\u00f3n, Jorge Buenfil regal\u00f3 \u201cLa ausencia de tu presencia\u201d, de su propia inspiraci\u00f3n y \u00abHoy\u00bb, poema de Fernando Espejo al cual le puso m\u00fasica para convertirla en esperanza correspondida con aplausos por los asistentes.<\/p>\n\n\n\n<p>La velada dio paso a \u00abNo\u00bb del maestro Armando Manzanero \u00e9xito que encumbr\u00f3 al izamale\u00f1o Carlos Lico y que en voz del \u00faltimo bohemio Rodrigo de la Cadena motiv\u00f3 las ganas de cantar de los ocupantes de la sala principal del citado recinto, quienes rindieron homenaje al yucateco m\u00e1s internacional para brindar una ovaci\u00f3n en memoria de quien propiciara tantos temas que trascienden al tiempo.<\/p>\n\n\n\n<p>\u00abLas oficinas de Dios est\u00e1n en Yucat\u00e1n. \u00a1Viva Yucat\u00e1n!\u00bb, expres\u00f3 de la Cadena antes de retornar tras bambalinas.<\/p>\n\n\n\n<p>Alegr\u00eda y fiesta llenaron el Palacio de Bellas Artes, la OTY agradeci\u00f3 la calidez y cari\u00f1o de los asistentes con un popurr\u00ed yucateco y \u00abM\u00e9xico lindo y querido\u00bb, pieza a la que se unieron las voces del p\u00fablico, en se\u00f1al de promesa para volverse a encontrar con la Orquesta m\u00e1s representativa del Mayab en este lugar, sede de las m\u00e1s variadas y bellas expresiones art\u00edsticas.<\/p>\n","protected":false},"excerpt":{"rendered":"<p>CIUDAD DE M\u00c9XICO.- Acordes solemnes de un Yucat\u00e1n m\u00edstico levantaron el tel\u00f3n de la sala principal del imponente Palacio de Bellas Artes, la batuta de Pedro Carlos Herrera y la<\/p>\n","protected":false},"author":2,"featured_media":109329,"comment_status":"open","ping_status":"open","sticky":false,"template":"","format":"standard","meta":{"jetpack_post_was_ever_published":false,"_jetpack_newsletter_access":"","_jetpack_dont_email_post_to_subs":false,"_jetpack_newsletter_tier_id":0,"_jetpack_memberships_contains_paywalled_content":false,"_jetpack_memberships_contains_paid_content":false,"footnotes":"","jetpack_publicize_message":"Este evento, que extiende los festejos por los 81 a\u00f1os de fundaci\u00f3n de la T\u00edpica Yukalpet\u00e9n propici\u00f3 un lleno total en el recinto de la Ciudad de M\u00e9xico.","jetpack_publicize_feature_enabled":true,"jetpack_social_post_already_shared":true,"jetpack_social_options":{"image_generator_settings":{"template":"highway","default_image_id":0,"font":"","enabled":false},"version":2}},"categories":[17],"tags":[],"class_list":["post-109326","post","type-post","status-publish","format-standard","has-post-thumbnail","hentry","category-politica-y-gobierno"],"jetpack_publicize_connections":[],"jetpack_featured_media_url":"https:\/\/formalprision.com\/wp-content\/uploads\/2023\/05\/OTY-en-Bellas-Artes-3.jpg","jetpack_sharing_enabled":true,"jetpack_shortlink":"https:\/\/wp.me\/p6id8p-srk","_links":{"self":[{"href":"https:\/\/formalprision.com\/index.php?rest_route=\/wp\/v2\/posts\/109326","targetHints":{"allow":["GET"]}}],"collection":[{"href":"https:\/\/formalprision.com\/index.php?rest_route=\/wp\/v2\/posts"}],"about":[{"href":"https:\/\/formalprision.com\/index.php?rest_route=\/wp\/v2\/types\/post"}],"author":[{"embeddable":true,"href":"https:\/\/formalprision.com\/index.php?rest_route=\/wp\/v2\/users\/2"}],"replies":[{"embeddable":true,"href":"https:\/\/formalprision.com\/index.php?rest_route=%2Fwp%2Fv2%2Fcomments&post=109326"}],"version-history":[{"count":2,"href":"https:\/\/formalprision.com\/index.php?rest_route=\/wp\/v2\/posts\/109326\/revisions"}],"predecessor-version":[{"id":109330,"href":"https:\/\/formalprision.com\/index.php?rest_route=\/wp\/v2\/posts\/109326\/revisions\/109330"}],"wp:featuredmedia":[{"embeddable":true,"href":"https:\/\/formalprision.com\/index.php?rest_route=\/wp\/v2\/media\/109329"}],"wp:attachment":[{"href":"https:\/\/formalprision.com\/index.php?rest_route=%2Fwp%2Fv2%2Fmedia&parent=109326"}],"wp:term":[{"taxonomy":"category","embeddable":true,"href":"https:\/\/formalprision.com\/index.php?rest_route=%2Fwp%2Fv2%2Fcategories&post=109326"},{"taxonomy":"post_tag","embeddable":true,"href":"https:\/\/formalprision.com\/index.php?rest_route=%2Fwp%2Fv2%2Ftags&post=109326"}],"curies":[{"name":"wp","href":"https:\/\/api.w.org\/{rel}","templated":true}]}}