{"id":109340,"date":"2023-05-16T01:34:09","date_gmt":"2023-05-16T06:34:09","guid":{"rendered":"https:\/\/formalprision.com\/?p=109340"},"modified":"2023-05-16T01:34:09","modified_gmt":"2023-05-16T06:34:09","slug":"dialogo-permanente-con-el-magisterio-raul-paz","status":"publish","type":"post","link":"https:\/\/formalprision.com\/?p=109340","title":{"rendered":"Di\u00e1logo permanente con el magisterio: Ra\u00fal Paz"},"content":{"rendered":"\n<p>M\u00e9rida, Yucat\u00e1n, 15 de mayo de 2023. El Senador morenista Ra\u00fal Paz Alonzo, extendi\u00f3 un reconocimiento a docentes por la gran labor que realizan en la ense\u00f1anza de las infancias, adolescentes, y las y los j\u00f3venes estudiantes.<\/p>\n\n\n\n<p>Haciendo \u00e9nfasis en este d\u00eda tan particular, que las y los maestros representan un motor fundamental para la construcci\u00f3n del futuro de Yucat\u00e1n, porque tienen en sus manos la educaci\u00f3n de miles de estudiantes en todos los rincones del estado.<\/p>\n\n\n\n<p>Paz Alonzo, reconoci\u00f3 que el gobierno de la Cuarta Transformaci\u00f3n, ha sido respetuoso con el sector magisterial y con las y los trabajadores de la educaci\u00f3n. Siempre escuchando sus necesidades, construyendo puentes para sumar a todas y todos en sus distintas expresiones.<\/p>\n\n\n\n<p>El legislador recalc\u00f3, que el trabajo de los docentes es prioritario para Yucat\u00e1n. De la misma forma se suman grandes esfuerzos para guiar a las futuras generaciones y fortalecer los valores culturales en sus comunidades, as\u00ed como brindarles las herramientas necesarias para su futuro, impulsar su desarrollo psicoemocional y desarrollo humano, porque la educaci\u00f3n es un derecho del pueblo.<\/p>\n\n\n\n<p>El Senador por Yucat\u00e1n recalc\u00f3, que desde el poder legislativo se tienen que construir leyes fuertes, tomando en cuenta la opini\u00f3n de las y los maestros, as\u00ed como tener acuerdos, sumar voluntades y escuchar a las distintas voces para poder construir una legislaci\u00f3n de avanzada que impulse una verdadera transformaci\u00f3n de la ense\u00f1anza en nuestro pa\u00eds.<\/p>\n\n\n\n<p>Se\u00f1al\u00f3 que, como yucateco se encuentra convencido que hace falta m\u00e1s justicia social, y que en Yucat\u00e1n se va a seguir creciendo, se van a tener mejores herramientas para poder lograr una prosperidad compartida que brinde el avance que se necesita como sociedad. (Comunicado de Prensa) <\/p>\n","protected":false},"excerpt":{"rendered":"<p>M\u00e9rida, Yucat\u00e1n, 15 de mayo de 2023. El Senador morenista Ra\u00fal Paz Alonzo, extendi\u00f3 un reconocimiento a docentes por la gran labor que realizan en la ense\u00f1anza de las infancias,<\/p>\n","protected":false},"author":1,"featured_media":109341,"comment_status":"open","ping_status":"open","sticky":false,"template":"","format":"standard","meta":{"jetpack_post_was_ever_published":false,"_jetpack_newsletter_access":"","_jetpack_dont_email_post_to_subs":false,"_jetpack_newsletter_tier_id":0,"_jetpack_memberships_contains_paywalled_content":false,"_jetpack_memberships_contains_paid_content":false,"footnotes":"","jetpack_publicize_message":"","jetpack_publicize_feature_enabled":true,"jetpack_social_post_already_shared":true,"jetpack_social_options":{"image_generator_settings":{"template":"highway","default_image_id":0,"font":"","enabled":false},"version":2}},"categories":[14],"tags":[],"class_list":["post-109340","post","type-post","status-publish","format-standard","has-post-thumbnail","hentry","category-merida"],"jetpack_publicize_connections":[],"jetpack_featured_media_url":"https:\/\/formalprision.com\/wp-content\/uploads\/2023\/05\/RPPHOTO-2023-03-30-17-55-50.jpg","jetpack_sharing_enabled":true,"jetpack_shortlink":"https:\/\/wp.me\/p6id8p-sry","_links":{"self":[{"href":"https:\/\/formalprision.com\/index.php?rest_route=\/wp\/v2\/posts\/109340","targetHints":{"allow":["GET"]}}],"collection":[{"href":"https:\/\/formalprision.com\/index.php?rest_route=\/wp\/v2\/posts"}],"about":[{"href":"https:\/\/formalprision.com\/index.php?rest_route=\/wp\/v2\/types\/post"}],"author":[{"embeddable":true,"href":"https:\/\/formalprision.com\/index.php?rest_route=\/wp\/v2\/users\/1"}],"replies":[{"embeddable":true,"href":"https:\/\/formalprision.com\/index.php?rest_route=%2Fwp%2Fv2%2Fcomments&post=109340"}],"version-history":[{"count":1,"href":"https:\/\/formalprision.com\/index.php?rest_route=\/wp\/v2\/posts\/109340\/revisions"}],"predecessor-version":[{"id":109342,"href":"https:\/\/formalprision.com\/index.php?rest_route=\/wp\/v2\/posts\/109340\/revisions\/109342"}],"wp:featuredmedia":[{"embeddable":true,"href":"https:\/\/formalprision.com\/index.php?rest_route=\/wp\/v2\/media\/109341"}],"wp:attachment":[{"href":"https:\/\/formalprision.com\/index.php?rest_route=%2Fwp%2Fv2%2Fmedia&parent=109340"}],"wp:term":[{"taxonomy":"category","embeddable":true,"href":"https:\/\/formalprision.com\/index.php?rest_route=%2Fwp%2Fv2%2Fcategories&post=109340"},{"taxonomy":"post_tag","embeddable":true,"href":"https:\/\/formalprision.com\/index.php?rest_route=%2Fwp%2Fv2%2Ftags&post=109340"}],"curies":[{"name":"wp","href":"https:\/\/api.w.org\/{rel}","templated":true}]}}