{"id":109903,"date":"2023-06-09T19:56:37","date_gmt":"2023-06-10T00:56:37","guid":{"rendered":"https:\/\/formalprision.com\/?p=109903"},"modified":"2023-06-12T11:22:18","modified_gmt":"2023-06-12T16:22:18","slug":"celebran-como-una-gran-familia-en-la-asamblea-verde-2023","status":"publish","type":"post","link":"https:\/\/formalprision.com\/?p=109903","title":{"rendered":"Celebran como una gran familia en la Asamblea Verde 2023"},"content":{"rendered":"\n<p><em>Claudia Sheinbaum, Mario Peraza y l\u00edderes nacionales se unieron en &#8216;Pensando El Futuro Verde&#8217;<\/em><\/p>\n\n\n\n<p>CIUDAD DE M\u00c9XICO.- Esta ma\u00f1ana fue el \u00faltimo d\u00eda de \u00abPensando El Futuro Verde\u00bb, donde l\u00edderes nacionales, representantes estatales, militantes y simpatizantes del Partido Verde se reunieron mostrando unidad y fuerza.<\/p>\n\n\n\n<p>Claudia Sheinbaum y Mario Peraza, como en aquel encuentro en Yucat\u00e1n hace algunos meses, se encontraron nuevamente en esta reuni\u00f3n. Tuvieron la oportunidad de intercambiar ideas nuevas y discutir sobre el futuro de la 4T en Yucat\u00e1n.<\/p>\n\n\n\n<p>En la Asamblea Verde se traz\u00f3 el camino para el 2024 y se ajustaron estrategias a nivel nacional y estatal. Se sigue construyendo sobre la idea de la justicia social como motor del cambio.<\/p>\n","protected":false},"excerpt":{"rendered":"<p>Claudia Sheinbaum, Mario Peraza y l\u00edderes nacionales se unieron en &#8216;Pensando El Futuro Verde&#8217; CIUDAD DE M\u00c9XICO.- Esta ma\u00f1ana fue el \u00faltimo d\u00eda de \u00abPensando El Futuro Verde\u00bb, donde l\u00edderes<\/p>\n","protected":false},"author":2,"featured_media":109906,"comment_status":"open","ping_status":"open","sticky":false,"template":"","format":"standard","meta":{"jetpack_post_was_ever_published":false,"_jetpack_newsletter_access":"","_jetpack_dont_email_post_to_subs":false,"_jetpack_newsletter_tier_id":0,"_jetpack_memberships_contains_paywalled_content":false,"_jetpack_memberships_contains_paid_content":false,"footnotes":"","jetpack_publicize_message":"Claudia Sheinbaum, Mario Peraza y l\u00edderes nacionales se unieron en 'Pensando El Futuro Verde'.","jetpack_publicize_feature_enabled":true,"jetpack_social_post_already_shared":true,"jetpack_social_options":{"image_generator_settings":{"template":"highway","default_image_id":0,"font":"","enabled":false},"version":2}},"categories":[21,17],"tags":[],"class_list":["post-109903","post","type-post","status-publish","format-standard","has-post-thumbnail","hentry","category-nacionales","category-politica-y-gobierno"],"jetpack_publicize_connections":[],"jetpack_featured_media_url":"https:\/\/formalprision.com\/wp-content\/uploads\/2023\/06\/peraza.jpg","jetpack_sharing_enabled":true,"jetpack_shortlink":"https:\/\/wp.me\/p6id8p-sAD","_links":{"self":[{"href":"https:\/\/formalprision.com\/index.php?rest_route=\/wp\/v2\/posts\/109903","targetHints":{"allow":["GET"]}}],"collection":[{"href":"https:\/\/formalprision.com\/index.php?rest_route=\/wp\/v2\/posts"}],"about":[{"href":"https:\/\/formalprision.com\/index.php?rest_route=\/wp\/v2\/types\/post"}],"author":[{"embeddable":true,"href":"https:\/\/formalprision.com\/index.php?rest_route=\/wp\/v2\/users\/2"}],"replies":[{"embeddable":true,"href":"https:\/\/formalprision.com\/index.php?rest_route=%2Fwp%2Fv2%2Fcomments&post=109903"}],"version-history":[{"count":1,"href":"https:\/\/formalprision.com\/index.php?rest_route=\/wp\/v2\/posts\/109903\/revisions"}],"predecessor-version":[{"id":109904,"href":"https:\/\/formalprision.com\/index.php?rest_route=\/wp\/v2\/posts\/109903\/revisions\/109904"}],"wp:featuredmedia":[{"embeddable":true,"href":"https:\/\/formalprision.com\/index.php?rest_route=\/wp\/v2\/media\/109906"}],"wp:attachment":[{"href":"https:\/\/formalprision.com\/index.php?rest_route=%2Fwp%2Fv2%2Fmedia&parent=109903"}],"wp:term":[{"taxonomy":"category","embeddable":true,"href":"https:\/\/formalprision.com\/index.php?rest_route=%2Fwp%2Fv2%2Fcategories&post=109903"},{"taxonomy":"post_tag","embeddable":true,"href":"https:\/\/formalprision.com\/index.php?rest_route=%2Fwp%2Fv2%2Ftags&post=109903"}],"curies":[{"name":"wp","href":"https:\/\/api.w.org\/{rel}","templated":true}]}}