{"id":109917,"date":"2023-06-11T14:40:14","date_gmt":"2023-06-11T19:40:14","guid":{"rendered":"https:\/\/formalprision.com\/?p=109917"},"modified":"2023-06-12T11:21:46","modified_gmt":"2023-06-12T16:21:46","slug":"se-destapa-porfirio-trejo-para-la-alcaldia-de-progreso","status":"publish","type":"post","link":"https:\/\/formalprision.com\/?p=109917","title":{"rendered":"Se destapa Porfirio Trejo para la alcald\u00eda de Progreso"},"content":{"rendered":"\n<p>-Deseo ser el candidato de mi partido, el PRI, para la presidencia municipal de Progreso, expres\u00f3 el Dr Porfirio Trejo Zozaya, en una reuni\u00f3n por el D\u00eda de la Libertad de Expresi\u00f3n.<\/p>\n\n\n\n<p>\u00abQuiero hacer una alianza con la ciudadan\u00eda y la sociedad progrese\u00f1a, sin importar colores de partidos para eliminar la brecha entre personas de diferentes niveles econ\u00f3micos.<\/p>\n\n\n\n<p>Destac\u00f3 que buscar\u00e1 abanderar una alianza ciudadana para que en Progreso haya de nuevo unidad entre los pobladores, ya que antes de concretar un acuerdo entre partidos, deber\u00eda ser con los ciudadanos.<\/p>\n\n\n\n<p>\u00abHay que dar espacio a la gente para la toma de decisiones, e incluir su opini\u00f3n en la realizaci\u00f3n de proyectos\u00bb.<\/p>\n\n\n\n<p>A\u00f1adi\u00f3 que de llegar a la presidencia \u201cabrir\u00e1 de nuevo el Palacio Municipal a todos para que sea de nuevo la casa de la gente\u00bb.<\/p>\n\n\n\n<p>Se comprometi\u00f3 a ser un presidente municipal de puertas abiertas, que d\u00e9 la cara al pueblo, como lo hizo durante el per\u00edodo 1998 \u20132001.<\/p>\n\n\n\n<p>Anticip\u00f3 que no subir\u00eda el agua potable, el predial y la recolecci\u00f3n de basura.<\/p>\n\n\n\n<p>Coment\u00f3 que de concretarse su proyecto, solicitar\u00e1 a los industriales pesqueros una terna para designar al tesorero Municipal.<\/p>\n\n\n\n<p>Trejo Zozaya acumula experiencia en el servicio p\u00fablico, pues fue alcalde de Progreso, director del agua potable del municipio; director del INJUDEY y del IDEY del Gobierno del Estado, as\u00ed como del sistema COBAY.<\/p>\n","protected":false},"excerpt":{"rendered":"<p>-Deseo ser el candidato de mi partido, el PRI, para la presidencia municipal de Progreso, expres\u00f3 el Dr Porfirio Trejo Zozaya, en una reuni\u00f3n por el D\u00eda de la Libertad<\/p>\n","protected":false},"author":1,"featured_media":109918,"comment_status":"open","ping_status":"open","sticky":false,"template":"","format":"standard","meta":{"jetpack_post_was_ever_published":false,"_jetpack_newsletter_access":"","_jetpack_dont_email_post_to_subs":false,"_jetpack_newsletter_tier_id":0,"_jetpack_memberships_contains_paywalled_content":false,"_jetpack_memberships_contains_paid_content":false,"footnotes":"","jetpack_publicize_message":"","jetpack_publicize_feature_enabled":true,"jetpack_social_post_already_shared":true,"jetpack_social_options":{"image_generator_settings":{"template":"highway","default_image_id":0,"font":"","enabled":false},"version":2}},"categories":[54],"tags":[],"class_list":["post-109917","post","type-post","status-publish","format-standard","has-post-thumbnail","hentry","category-yucatan"],"jetpack_publicize_connections":[],"jetpack_featured_media_url":"https:\/\/formalprision.com\/wp-content\/uploads\/2023\/06\/FB_IMG_1686511895370.jpg","jetpack_sharing_enabled":true,"jetpack_shortlink":"https:\/\/wp.me\/p6id8p-sAR","_links":{"self":[{"href":"https:\/\/formalprision.com\/index.php?rest_route=\/wp\/v2\/posts\/109917","targetHints":{"allow":["GET"]}}],"collection":[{"href":"https:\/\/formalprision.com\/index.php?rest_route=\/wp\/v2\/posts"}],"about":[{"href":"https:\/\/formalprision.com\/index.php?rest_route=\/wp\/v2\/types\/post"}],"author":[{"embeddable":true,"href":"https:\/\/formalprision.com\/index.php?rest_route=\/wp\/v2\/users\/1"}],"replies":[{"embeddable":true,"href":"https:\/\/formalprision.com\/index.php?rest_route=%2Fwp%2Fv2%2Fcomments&post=109917"}],"version-history":[{"count":1,"href":"https:\/\/formalprision.com\/index.php?rest_route=\/wp\/v2\/posts\/109917\/revisions"}],"predecessor-version":[{"id":109919,"href":"https:\/\/formalprision.com\/index.php?rest_route=\/wp\/v2\/posts\/109917\/revisions\/109919"}],"wp:featuredmedia":[{"embeddable":true,"href":"https:\/\/formalprision.com\/index.php?rest_route=\/wp\/v2\/media\/109918"}],"wp:attachment":[{"href":"https:\/\/formalprision.com\/index.php?rest_route=%2Fwp%2Fv2%2Fmedia&parent=109917"}],"wp:term":[{"taxonomy":"category","embeddable":true,"href":"https:\/\/formalprision.com\/index.php?rest_route=%2Fwp%2Fv2%2Fcategories&post=109917"},{"taxonomy":"post_tag","embeddable":true,"href":"https:\/\/formalprision.com\/index.php?rest_route=%2Fwp%2Fv2%2Ftags&post=109917"}],"curies":[{"name":"wp","href":"https:\/\/api.w.org\/{rel}","templated":true}]}}