{"id":109928,"date":"2023-06-12T07:41:27","date_gmt":"2023-06-12T12:41:27","guid":{"rendered":"https:\/\/formalprision.com\/?p=109928"},"modified":"2023-06-14T13:27:38","modified_gmt":"2023-06-14T18:27:38","slug":"el-tenista-yucateco-rodrigo-pacheco-conquista-roland-garros","status":"publish","type":"post","link":"https:\/\/formalprision.com\/?p=109928","title":{"rendered":"El tenista yucateco Rodrigo Pacheco conquista Roland-Garros"},"content":{"rendered":"\n<p><em>Con parciales de 6-2 y 6-3, Pacheco ubic\u00f3 a M\u00e9xico en lo m\u00e1s alto dentro de uno de los m\u00e1s importantes torneos de Grand Slam.<\/em><\/p>\n\n\n\n<p>PAR\u00cdS, Francia.- La dupla conformada por el mexicano Rodrigo Pacheco Mendez y Yaroslav Demin conquist\u00f3 el t\u00edtulo de dobles juvenil en Roland-Garros, al vencer a los italianos Lorenzo Sciahbasi y Gabriele Vulpitta.<\/p>\n\n\n\n<p>Con parciales de 6-2 y 6-3, Pacheco ubic\u00f3 a M\u00e9xico en lo m\u00e1s alto dentro de uno de los m\u00e1s importantes torneos de Grand Slam.<\/p>\n\n\n\n<p>La victoria en Roland-Garros, le permiten al tenista yucateco, que juega con los sellos de Telcel y OPPO, se ubica como el jugador juvenil n\u00famero uno del mundo.<\/p>\n\n\n\n<p>\u201cEstoy feliz, conquistar Roland-Garros es algo sensacional, Yaroslav es un gran compa\u00f1ero y juntos hemos trabajado muy duro para alcanzar esta meta, logrando triunfos s\u00f3lidos ante grandes rivales, lo que se consolida hoy con esta victoria\u201d, dijo Pacheco Mendez al finalizar el juego.<\/p>\n","protected":false},"excerpt":{"rendered":"<p>Con parciales de 6-2 y 6-3, Pacheco ubic\u00f3 a M\u00e9xico en lo m\u00e1s alto dentro de uno de los m\u00e1s importantes torneos de Grand Slam. PAR\u00cdS, Francia.- La dupla conformada<\/p>\n","protected":false},"author":2,"featured_media":109930,"comment_status":"open","ping_status":"open","sticky":false,"template":"","format":"standard","meta":{"jetpack_post_was_ever_published":false,"_jetpack_newsletter_access":"","_jetpack_dont_email_post_to_subs":false,"_jetpack_newsletter_tier_id":0,"_jetpack_memberships_contains_paywalled_content":false,"_jetpack_memberships_contains_paid_content":false,"footnotes":"","jetpack_publicize_message":"Con parciales de 6-2 y 6-3, Pacheco ubic\u00f3 a M\u00e9xico en lo m\u00e1s alto dentro de uno de los m\u00e1s importantes torneos de Grand Slam.","jetpack_publicize_feature_enabled":true,"jetpack_social_post_already_shared":true,"jetpack_social_options":{"image_generator_settings":{"template":"highway","default_image_id":0,"font":"","enabled":false},"version":2}},"categories":[23],"tags":[],"class_list":["post-109928","post","type-post","status-publish","format-standard","has-post-thumbnail","hentry","category-del-mundo"],"jetpack_publicize_connections":[],"jetpack_featured_media_url":"https:\/\/formalprision.com\/wp-content\/uploads\/2023\/06\/Rodrigo-Pacheco-FRG-01.jpeg","jetpack_sharing_enabled":true,"jetpack_shortlink":"https:\/\/wp.me\/p6id8p-sB2","_links":{"self":[{"href":"https:\/\/formalprision.com\/index.php?rest_route=\/wp\/v2\/posts\/109928","targetHints":{"allow":["GET"]}}],"collection":[{"href":"https:\/\/formalprision.com\/index.php?rest_route=\/wp\/v2\/posts"}],"about":[{"href":"https:\/\/formalprision.com\/index.php?rest_route=\/wp\/v2\/types\/post"}],"author":[{"embeddable":true,"href":"https:\/\/formalprision.com\/index.php?rest_route=\/wp\/v2\/users\/2"}],"replies":[{"embeddable":true,"href":"https:\/\/formalprision.com\/index.php?rest_route=%2Fwp%2Fv2%2Fcomments&post=109928"}],"version-history":[{"count":1,"href":"https:\/\/formalprision.com\/index.php?rest_route=\/wp\/v2\/posts\/109928\/revisions"}],"predecessor-version":[{"id":109929,"href":"https:\/\/formalprision.com\/index.php?rest_route=\/wp\/v2\/posts\/109928\/revisions\/109929"}],"wp:featuredmedia":[{"embeddable":true,"href":"https:\/\/formalprision.com\/index.php?rest_route=\/wp\/v2\/media\/109930"}],"wp:attachment":[{"href":"https:\/\/formalprision.com\/index.php?rest_route=%2Fwp%2Fv2%2Fmedia&parent=109928"}],"wp:term":[{"taxonomy":"category","embeddable":true,"href":"https:\/\/formalprision.com\/index.php?rest_route=%2Fwp%2Fv2%2Fcategories&post=109928"},{"taxonomy":"post_tag","embeddable":true,"href":"https:\/\/formalprision.com\/index.php?rest_route=%2Fwp%2Fv2%2Ftags&post=109928"}],"curies":[{"name":"wp","href":"https:\/\/api.w.org\/{rel}","templated":true}]}}