{"id":109939,"date":"2023-06-12T13:50:12","date_gmt":"2023-06-12T18:50:12","guid":{"rendered":"https:\/\/formalprision.com\/?p=109939"},"modified":"2023-06-14T00:23:13","modified_gmt":"2023-06-14T05:23:13","slug":"comienzan-a-funcionar-nuevas-rutas-de-va-y-ven-en-pensiones-komchen-francisco-de-montejo-y-crit","status":"publish","type":"post","link":"https:\/\/formalprision.com\/?p=109939","title":{"rendered":"Ya funcionan nuevas rutas de Va y Ven en Pensiones, Komch\u00e9n, Francisco de Montejo y CRIT"},"content":{"rendered":"\n<p>M\u00c9RIDA, Yucat\u00e1n.- Esta ma\u00f1ana comenzaron a operar las 4 nuevas rutas que van del Centro a Pensiones, Komch\u00e9n, Francisco de Montejo y CRIT, como parte del Sistema de transporte p\u00fablico \u201cVa y ven\u201d a trav\u00e9s de 35 modernos autobuses Mercedes-Benz, que permitir\u00e1n reducir los tiempos de espera y viajes de calidad, m\u00e1s c\u00f3modos y seguros, ofreciendo un servicio a la altura de lo que merecen las y los yucatecos.<\/p>\n\n\n\n<p>Por instrucciones del Gobernador Mauricio Vila Dosal, el titular del Instituto de Movilidad y Desarrollo Urbano Territorial (Imdut), Rafael Hern\u00e1ndez Kotasek, supervis\u00f3 la entrada en funcionamiento a bordo de una de los camiones de la Ruta 71 Centro-Komch\u00e9n, donde escuch\u00f3 y atendi\u00f3 las dudas de los usuarios.<\/p>\n\n\n\n<p>En el cami\u00f3n de la Ruta 58 Centro-CRIT, se encontraba la madre de familia Johana L\u00f3pez, quien por primera vez abord\u00f3 un moderno cami\u00f3n del \u201cVa y ven\u00bb y se mostr\u00f3 sorprendida por las buenas condiciones de la unidad, comodidad y servicio que ahora se ofrece.<\/p>\n\n\n\n<p>\u201cEs la primera vez que me subo y est\u00e1n muy buenos, los camiones son nuevos no como los otros que ya hasta parec\u00edan chatarra y daba inseguridad subirse. Importa mucho en este servicio la comodidad del usuario, que no haya desorden y ser\u00e1 muy bueno el pago electr\u00f3nico tambi\u00e9n, es todo un cambio lo que vemos con estos camiones\u201d, se\u00f1al\u00f3 la mujer.<\/p>\n\n\n\n<p>De igual forma, Johana destac\u00f3 el apoyo en el que por esta semana sea gratuito el servicio, \u201cEs de bastante ayuda, pues en el presupuesto familiar te ahorras lo del pasaje y en general, est\u00e1n muy bien las acciones que el Gobernador est\u00e1 realizando en el transporte\u201d, concluy\u00f3.<\/p>\n\n\n\n<p>Claudia Pech, quien utiliza la Ruta 85 Centro-Pensiones, para acudir a su centro de trabajo, indic\u00f3 que el cambio del transporte p\u00fablico est\u00e1 bastante bien, pues los beneficios son innegables y ahora los usuarios podr\u00e1n gozar de grandes beneficios.<\/p>\n\n\n\n<p>\u201cAhora el transporte est\u00e1 como nunca. Ya es m\u00e1s r\u00e1pido, c\u00f3modo y con el calor que hace el aire acondicionado se agradece tambi\u00e9n. Hemos visto que este servicio ha mejorado bastante, antes hab\u00eda escasez en las unidades y esper\u00e1bamos hasta una hora, pero ahora con estos cambios hay bastantes beneficios y, adem\u00e1s, podemos ahorrarnos algo econ\u00f3micamente. Esperamos que se siga con este buen servicio\u201d, asegur\u00f3 la mujer.<\/p>\n\n\n\n<p>Los pasajeros de las nuevas rutas ahora disfrutar\u00e1n de beneficios en ahorro de tiempo con una frecuencia de 12 minutos entre cada autob\u00fas, en comparaci\u00f3n con los 25 que se ten\u00edan y un tiempo de espera que alcanzaba hasta los 30 minutos; adem\u00e1s de que se ha trabajado en la optimizaci\u00f3n de los recorridos y la instalaci\u00f3n de paraderos cada 450 metros, lo que permitir\u00e1 que los traslados sean m\u00e1s r\u00e1pidos.<\/p>\n\n\n\n<p>Adem\u00e1s, en apoyo a la econom\u00eda de las familias yucatecas, el servicio de las 4 nuevas rutas ser\u00e1 gratuito hasta el 18 de junio, durante su periodo de prueba, para garantizar que el servicio brinde las mejores condiciones una vez que arranque el pago, el cual ser\u00e1 exclusivamente a trav\u00e9s de la tarjeta \u00abVa y ven\u00bb.<\/p>\n\n\n\n<p>Adicionalmente, los usuarios que utilicen estos nuevos recorridos podr\u00e1n hacer uso de la pol\u00edtica de trasbordos, que ya se ofrece en las Rutas Perif\u00e9rico, Nocturnas, Am\u00e9ricas y Circuito Metropolitano, ya que existen varios puntos de conectividad entre ellas en dicho sector de M\u00e9rida, lo que implica un respiro para el bolsillo de los hogares.<\/p>\n","protected":false},"excerpt":{"rendered":"<p>M\u00c9RIDA, Yucat\u00e1n.- Esta ma\u00f1ana comenzaron a operar las 4 nuevas rutas que van del Centro a Pensiones, Komch\u00e9n, Francisco de Montejo y CRIT, como parte del Sistema de transporte p\u00fablico<\/p>\n","protected":false},"author":2,"featured_media":109942,"comment_status":"open","ping_status":"open","sticky":false,"template":"","format":"standard","meta":{"jetpack_post_was_ever_published":false,"_jetpack_newsletter_access":"","_jetpack_dont_email_post_to_subs":false,"_jetpack_newsletter_tier_id":0,"_jetpack_memberships_contains_paywalled_content":false,"_jetpack_memberships_contains_paid_content":false,"footnotes":"","jetpack_publicize_message":"Para tranquilidad de los usuarios, el derrotero de estos 4 nuevos recorridos es, pr\u00e1cticamente, mismo que el de aquellos que reemplazan.","jetpack_publicize_feature_enabled":true,"jetpack_social_post_already_shared":true,"jetpack_social_options":{"image_generator_settings":{"template":"highway","default_image_id":0,"font":"","enabled":false},"version":2}},"categories":[14],"tags":[],"class_list":["post-109939","post","type-post","status-publish","format-standard","has-post-thumbnail","hentry","category-merida"],"jetpack_publicize_connections":[],"jetpack_featured_media_url":"https:\/\/formalprision.com\/wp-content\/uploads\/2023\/06\/WhatsApp-Image-2023-06-12-at-11.28.29-AM-1.jpeg","jetpack_sharing_enabled":true,"jetpack_shortlink":"https:\/\/wp.me\/p6id8p-sBd","_links":{"self":[{"href":"https:\/\/formalprision.com\/index.php?rest_route=\/wp\/v2\/posts\/109939","targetHints":{"allow":["GET"]}}],"collection":[{"href":"https:\/\/formalprision.com\/index.php?rest_route=\/wp\/v2\/posts"}],"about":[{"href":"https:\/\/formalprision.com\/index.php?rest_route=\/wp\/v2\/types\/post"}],"author":[{"embeddable":true,"href":"https:\/\/formalprision.com\/index.php?rest_route=\/wp\/v2\/users\/2"}],"replies":[{"embeddable":true,"href":"https:\/\/formalprision.com\/index.php?rest_route=%2Fwp%2Fv2%2Fcomments&post=109939"}],"version-history":[{"count":2,"href":"https:\/\/formalprision.com\/index.php?rest_route=\/wp\/v2\/posts\/109939\/revisions"}],"predecessor-version":[{"id":109975,"href":"https:\/\/formalprision.com\/index.php?rest_route=\/wp\/v2\/posts\/109939\/revisions\/109975"}],"wp:featuredmedia":[{"embeddable":true,"href":"https:\/\/formalprision.com\/index.php?rest_route=\/wp\/v2\/media\/109942"}],"wp:attachment":[{"href":"https:\/\/formalprision.com\/index.php?rest_route=%2Fwp%2Fv2%2Fmedia&parent=109939"}],"wp:term":[{"taxonomy":"category","embeddable":true,"href":"https:\/\/formalprision.com\/index.php?rest_route=%2Fwp%2Fv2%2Fcategories&post=109939"},{"taxonomy":"post_tag","embeddable":true,"href":"https:\/\/formalprision.com\/index.php?rest_route=%2Fwp%2Fv2%2Ftags&post=109939"}],"curies":[{"name":"wp","href":"https:\/\/api.w.org\/{rel}","templated":true}]}}