{"id":109947,"date":"2023-06-13T07:48:31","date_gmt":"2023-06-13T12:48:31","guid":{"rendered":"https:\/\/formalprision.com\/?p=109947"},"modified":"2023-06-14T13:26:37","modified_gmt":"2023-06-14T18:26:37","slug":"lanzan-convocatoria-para-el-programa-talento-cicy-2023-vuelve-a-ser-presencial","status":"publish","type":"post","link":"https:\/\/formalprision.com\/?p=109947","title":{"rendered":"Lanzan convocatoria para el Programa Talento CICY 2023: vuelve a ser presencial"},"content":{"rendered":"\n<p>M\u00c9RIDA, Yucat\u00e1n.- Con el prop\u00f3sito de incentivar en la juventud a las ciencias como una opci\u00f3n profesional, el Centro de Investigaci\u00f3n Cient\u00edfica de Yucat\u00e1n A. C. (CICY) anunci\u00f3 la convocatoria 2023 para el programa de fomento a las vocaciones cient\u00edficas Talento CICY 2023, en la que j\u00f3venes en edad escolar de secundaria y preparatoria podr\u00e1n participar cursando uno de los 15 proyectos cient\u00edficos que el CICY ha preparado este a\u00f1o.<\/p>\n\n\n\n<p>La directora de Planeaci\u00f3n y Gesti\u00f3n del CICY, MSC. Rosaura Mart\u00edn Caro, anunci\u00f3 que la convocatoria est\u00e1 abierta a partir del 12 y hasta el 23 de junio de 2023 para que las y los interesados puedan registrarse sin costo y vivir la experiencia de ser cient\u00edficos y cient\u00edficas por dos semanas.<\/p>\n\n\n\n<p>Este a\u00f1o la modalidad presencial se reanuda, por lo que el CICY abrir\u00e1 sus puertas para recibir a los nuevos talentos, tanto en la sede M\u00e9rida como en la sede Canc\u00fan del CICY; \u201cLos requisitos son tener un promedio m\u00ednimo de 8 (ocho) o su equivalente y llenar el formato de inscripci\u00f3n en l\u00ednea tanto para secundaria, como para preparatoria. As\u00ed que est\u00e1n todas y todos invitados a inscribirse a Talento CICY 2023, la convocatoria est\u00e1 disponible en el sitio web: www.cicy.mx\u201d.<\/p>\n\n\n\n<p>La MSC. Mart\u00edn Caro inform\u00f3 que los j\u00f3venes aceptados en participar en este a\u00f1o estar\u00e1n cursando Talento CICY Preparatoria del 10 al 21 de julio y Talento CICY Secundaria del 07 al 17 de agosto de 2023, tanto en la sede M\u00e9rida como Canc\u00fan.<\/p>\n\n\n\n<p>Por su parte el director general del CICY, Dr. Pedro Iv\u00e1n Gonz\u00e1lez Chi, destac\u00f3 los logros que ha tenido este programa, indicando que desde 2012 a la fecha, se han impactado a 1231 ni\u00f1as, ni\u00f1os y j\u00f3venes de primaria y secundaria; y 921 j\u00f3venes de preparatoria. Adem\u00e1s, el programa se ha extendido a 17 estados a trav\u00e9s de Talento CICY Docentes y se han publicado dos libros digitales de divulgaci\u00f3n de la ciencia.<\/p>\n\n\n\n<p>Es importante mencionar que los resultados de la convocatoria se publicar\u00e1n el 28 de junio de 2023 a trav\u00e9s de las redes sociales del CICY (@CICYoficial). Una vez que los aspirantes sean aceptados el comit\u00e9 se comunicar\u00e1 con ellos para indicarles la documentaci\u00f3n y requisitos para iniciar su estancia en el Centro.<\/p>\n","protected":false},"excerpt":{"rendered":"<p>M\u00c9RIDA, Yucat\u00e1n.- Con el prop\u00f3sito de incentivar en la juventud a las ciencias como una opci\u00f3n profesional, el Centro de Investigaci\u00f3n Cient\u00edfica de Yucat\u00e1n A. C. (CICY) anunci\u00f3 la convocatoria<\/p>\n","protected":false},"author":2,"featured_media":109949,"comment_status":"open","ping_status":"open","sticky":false,"template":"","format":"standard","meta":{"jetpack_post_was_ever_published":false,"_jetpack_newsletter_access":"","_jetpack_dont_email_post_to_subs":false,"_jetpack_newsletter_tier_id":0,"_jetpack_memberships_contains_paywalled_content":false,"_jetpack_memberships_contains_paid_content":false,"footnotes":"","jetpack_publicize_message":"Invitan a los j\u00f3venes a ser cient\u00edficos por dos semanas. La convocatoria est\u00e1 abierta del 12 al 23 de junio para alumnos de secundaria y prepa.","jetpack_publicize_feature_enabled":true,"jetpack_social_post_already_shared":true,"jetpack_social_options":{"image_generator_settings":{"template":"highway","default_image_id":0,"font":"","enabled":false},"version":2}},"categories":[33],"tags":[],"class_list":["post-109947","post","type-post","status-publish","format-standard","has-post-thumbnail","hentry","category-cultura"],"jetpack_publicize_connections":[],"jetpack_featured_media_url":"https:\/\/formalprision.com\/wp-content\/uploads\/2023\/06\/2023_TC_Convocatoria-2023-Talento-cicy-5.jpg","jetpack_sharing_enabled":true,"jetpack_shortlink":"https:\/\/wp.me\/p6id8p-sBl","_links":{"self":[{"href":"https:\/\/formalprision.com\/index.php?rest_route=\/wp\/v2\/posts\/109947","targetHints":{"allow":["GET"]}}],"collection":[{"href":"https:\/\/formalprision.com\/index.php?rest_route=\/wp\/v2\/posts"}],"about":[{"href":"https:\/\/formalprision.com\/index.php?rest_route=\/wp\/v2\/types\/post"}],"author":[{"embeddable":true,"href":"https:\/\/formalprision.com\/index.php?rest_route=\/wp\/v2\/users\/2"}],"replies":[{"embeddable":true,"href":"https:\/\/formalprision.com\/index.php?rest_route=%2Fwp%2Fv2%2Fcomments&post=109947"}],"version-history":[{"count":1,"href":"https:\/\/formalprision.com\/index.php?rest_route=\/wp\/v2\/posts\/109947\/revisions"}],"predecessor-version":[{"id":109948,"href":"https:\/\/formalprision.com\/index.php?rest_route=\/wp\/v2\/posts\/109947\/revisions\/109948"}],"wp:featuredmedia":[{"embeddable":true,"href":"https:\/\/formalprision.com\/index.php?rest_route=\/wp\/v2\/media\/109949"}],"wp:attachment":[{"href":"https:\/\/formalprision.com\/index.php?rest_route=%2Fwp%2Fv2%2Fmedia&parent=109947"}],"wp:term":[{"taxonomy":"category","embeddable":true,"href":"https:\/\/formalprision.com\/index.php?rest_route=%2Fwp%2Fv2%2Fcategories&post=109947"},{"taxonomy":"post_tag","embeddable":true,"href":"https:\/\/formalprision.com\/index.php?rest_route=%2Fwp%2Fv2%2Ftags&post=109947"}],"curies":[{"name":"wp","href":"https:\/\/api.w.org\/{rel}","templated":true}]}}