{"id":109959,"date":"2023-06-13T19:02:39","date_gmt":"2023-06-14T00:02:39","guid":{"rendered":"https:\/\/formalprision.com\/?p=109959"},"modified":"2023-06-14T13:25:55","modified_gmt":"2023-06-14T18:25:55","slug":"matan-a-tiros-a-una-nina-de-10-anos-en-playa-del-carmen","status":"publish","type":"post","link":"https:\/\/formalprision.com\/?p=109959","title":{"rendered":"Matan a tiros a una ni\u00f1a de 10 a\u00f1os en Playa del Carmen"},"content":{"rendered":"\n<p>PLAYA DEL CARMEN, Quintana Roo.- Asesinaron con arma de fuego a una ni\u00f1a de 10 a\u00f1os de edad en Playa del Carmen, cuando estaba con su madre en una tienda de abarrotes.<\/p>\n\n\n\n<p>Los hechos ocurrieron alrededor de las 15:30 horas de ayer cuando reportaron detonaciones de arma fuego en una tienda de abarrotes ubicada en la avenida Azulejos y Cerrada Costureros del fraccionamiento Villas del Sol, donde estaba la peque\u00f1a acompa\u00f1ando a su madre.<\/p>\n\n\n\n<p>Al llegar, param\u00e9dicos encontraron en medio de un charco de sangre a una peque\u00f1a de 10 a\u00f1os de edad baleada, la cual ya no contaba con signos vitales. Junto a ella, su madre, quien fue trasladada en C\u00f3digo Rojo, herida por arma de fuego.<\/p>\n\n\n\n<p>La madre de la menor fue llevada al Hospital General, donde intentaron salvarle la vida, mientras que el Servicio M\u00e9dico Forense (SEMEFO) realizaba el levantamiento del cuerpo de la menor.<\/p>\n\n\n\n<p>Trascendi\u00f3 que el a\u00f1o pasado, la ni\u00f1a qued\u00f3 hu\u00e9rfana, pues el padre de familia tambi\u00e9n fue asesinado en la misma tienda de abarrotes.<\/p>\n","protected":false},"excerpt":{"rendered":"<p>PLAYA DEL CARMEN, Quintana Roo.- Asesinaron con arma de fuego a una ni\u00f1a de 10 a\u00f1os de edad en Playa del Carmen, cuando estaba con su madre en una tienda<\/p>\n","protected":false},"author":2,"featured_media":109962,"comment_status":"open","ping_status":"open","sticky":false,"template":"","format":"standard","meta":{"jetpack_post_was_ever_published":false,"_jetpack_newsletter_access":"","_jetpack_dont_email_post_to_subs":false,"_jetpack_newsletter_tier_id":0,"_jetpack_memberships_contains_paywalled_content":false,"_jetpack_memberships_contains_paid_content":false,"footnotes":"","jetpack_publicize_message":"Trascendi\u00f3 que el a\u00f1o pasado, la ni\u00f1a qued\u00f3 hu\u00e9rfana, pues el padre de familia tambi\u00e9n fue asesinado en la misma tienda de abarrotes.","jetpack_publicize_feature_enabled":true,"jetpack_social_post_already_shared":true,"jetpack_social_options":{"image_generator_settings":{"template":"highway","default_image_id":0,"font":"","enabled":false},"version":2}},"categories":[23,21],"tags":[],"class_list":["post-109959","post","type-post","status-publish","format-standard","has-post-thumbnail","hentry","category-del-mundo","category-nacionales"],"jetpack_publicize_connections":[],"jetpack_featured_media_url":"https:\/\/formalprision.com\/wp-content\/uploads\/2023\/06\/nina1.jpg","jetpack_sharing_enabled":true,"jetpack_shortlink":"https:\/\/wp.me\/p6id8p-sBx","_links":{"self":[{"href":"https:\/\/formalprision.com\/index.php?rest_route=\/wp\/v2\/posts\/109959","targetHints":{"allow":["GET"]}}],"collection":[{"href":"https:\/\/formalprision.com\/index.php?rest_route=\/wp\/v2\/posts"}],"about":[{"href":"https:\/\/formalprision.com\/index.php?rest_route=\/wp\/v2\/types\/post"}],"author":[{"embeddable":true,"href":"https:\/\/formalprision.com\/index.php?rest_route=\/wp\/v2\/users\/2"}],"replies":[{"embeddable":true,"href":"https:\/\/formalprision.com\/index.php?rest_route=%2Fwp%2Fv2%2Fcomments&post=109959"}],"version-history":[{"count":1,"href":"https:\/\/formalprision.com\/index.php?rest_route=\/wp\/v2\/posts\/109959\/revisions"}],"predecessor-version":[{"id":109960,"href":"https:\/\/formalprision.com\/index.php?rest_route=\/wp\/v2\/posts\/109959\/revisions\/109960"}],"wp:featuredmedia":[{"embeddable":true,"href":"https:\/\/formalprision.com\/index.php?rest_route=\/wp\/v2\/media\/109962"}],"wp:attachment":[{"href":"https:\/\/formalprision.com\/index.php?rest_route=%2Fwp%2Fv2%2Fmedia&parent=109959"}],"wp:term":[{"taxonomy":"category","embeddable":true,"href":"https:\/\/formalprision.com\/index.php?rest_route=%2Fwp%2Fv2%2Fcategories&post=109959"},{"taxonomy":"post_tag","embeddable":true,"href":"https:\/\/formalprision.com\/index.php?rest_route=%2Fwp%2Fv2%2Ftags&post=109959"}],"curies":[{"name":"wp","href":"https:\/\/api.w.org\/{rel}","templated":true}]}}