{"id":110109,"date":"2023-06-21T07:57:53","date_gmt":"2023-06-21T12:57:53","guid":{"rendered":"https:\/\/formalprision.com\/?p=110109"},"modified":"2023-06-21T10:32:29","modified_gmt":"2023-06-21T15:32:29","slug":"arrancan-los-trabajos-de-construccion-del-centro-de-transferencia-modal-cetram-caucel","status":"publish","type":"post","link":"https:\/\/formalprision.com\/?p=110109","title":{"rendered":"Arranca construcci\u00f3n del Centro de Transferencia Modal (Cetram) Caucel"},"content":{"rendered":"\n<p>M\u00c9RIDA, Yucat\u00e1n.- El Gobernador Mauricio Vila Dosal encabez\u00f3 el inicio de los trabajos de construcci\u00f3n del Centro de Transferencias Multimodal (CETRAM) Caucel, en el Anillo Perif\u00e9rico de M\u00e9rida, el cual permitir\u00e1 la interconexi\u00f3n de varios modos de transporte, as\u00ed como el ordenamiento de rutas que vienen del interior del estado, priorizando el uso del transporte p\u00fablico, las transferencias de los usuarios y el desarrollo de la infraestructura para peatones y ciclistas, parte del Sistema \u201cVa y Ven\u201d.<\/p>\n\n\n\n<p>Desde el circuito interior del Anillo Perif\u00e9rico al poniente de M\u00e9rida, Vila Dosal realiz\u00f3 el banderazo de arranque de obras de este recinto, que es el primero de 5 en total, mismo que se edificar\u00e1 a orillas de dicho circuito, como parte de las 10 acciones concretas que impulsa el Gobernador para fortalecer este servicio.<\/p>\n\n\n\n<p>Sobre las labores, el director General del Instituto para la Construcci\u00f3n y Conservaci\u00f3n de Obra P\u00fablica (Inccopy), Virgilio Crespo M\u00e9ndez, indic\u00f3 que se contempla un \u00e1rea vehicular con 13 andenes, oficinas administrativas, bodega, andador interior, \u00e1rea para descanso de operadores, taquilla, 4 m\u00f3dulos de ba\u00f1os p\u00fablicos, estacionamiento libre con 11 cajones, bah\u00eda de ascenso y descenso, as\u00ed como 2 espacios que se podr\u00e1 concesionar.<\/p>\n\n\n\n<p>Junto con la presidenta del Consejo Coordinador Empresarial (CCE), Beatriz Eugenia G\u00f3mory Correa, y los alcaldes de Kinchil, Valent\u00edn Pech Dzib; Celest\u00fan, Jos\u00e9 Asunci\u00f3n Ram\u00edrez Perera, y Tetiz, Melesio Canch\u00e9 Ruiz, el titular del Instituto de Movilidad y Desarrollo Urbano Territorial (Imdut), Rafael Hern\u00e1ndez Kotasek, habl\u00f3 acerca del funcionamiento e impacto que tendr\u00e1 el Cetram Caucel, cuyo objetivo principal es que exista un punto de transferencia de todas las rutas urbanas y suburbanas.<\/p>\n\n\n\n<p>Igualmente, en presencia del l\u00edder del Grupo Volvo M\u00e9xico, Rafael Kisel Reinisch, el funcionario refiri\u00f3 que la configuraci\u00f3n del lugar se centra en, pr\u00e1cticamente, 6 d\u00e1rsenas para vans y 7 para autobuses, que permitir\u00e1n reorganizar el transporte p\u00fablico, para que no haya la necesidad de hacer viajes que no se requiere, en ciertas \u00e1reas de la ciudad y sus alrededores.<\/p>\n\n\n\n<p>Hern\u00e1ndez Kotasek se\u00f1al\u00f3 que a este sitio llegar\u00e1n 140 vans de distintos municipios, como Hunucm\u00e1, Kinchil, Celest\u00fan y Tetiz, y cerca de 40 unidades de transporte, lo cual permitir\u00e1 que, en un solo punto, los usuarios puedan hacer transbordos que, con la integraci\u00f3n del \u201cVa y ven\u201d, entre otros beneficios, ser\u00e1n sin costo adicional para los yucatecos.<\/p>\n\n\n\n<p>Ante los alcaldes de M\u00e9rida, Ren\u00e1n Barrera Concha; Um\u00e1n, Gaspar Ventura Cisneros Polanco, y Kanas\u00edn, Edwin Boj\u00f3rquez Ram\u00edrez, el titular del Inccopy se\u00f1al\u00f3 que,dentro del edificio, se har\u00e1 todos los trabajos de base de mamposter\u00eda y cadena de cimiento, con elementos estructurales de concreto armado, para lo cual se utilizar\u00e1, en lo posible, elementos de la regi\u00f3n, como muros de block; castillos, columnas y trabes, de concreto armado y met\u00e1licas, y techumbre de l\u00e1mina insupanel.<\/p>\n\n\n\n<p>\u201cEl piso ser\u00e1 de concreto industrial, debido a que el patio de maniobras tendr\u00e1 muchas cargas multidireccionales; en todo, estar\u00e1n contempladas las instalaciones el\u00e9ctricas, hidr\u00e1ulicas y sanitarias, as\u00ed como de circuito cerrado, voz y datos, mientras que, en el exterior, se realizar\u00e1 trabajo de jardiner\u00eda, sistema de drenaje pluvial, iluminaci\u00f3n exterior, se\u00f1alamiento, vialidades y andenes para autobuses, en beneficio de 995,129 habitantes\u201d, dijo.<\/p>\n\n\n\n<p>Como lo anunci\u00f3 el Gobernador, se construir\u00e1n 5 Cetram, en Progreso, Motul, carretera a Canc\u00fan, Um\u00e1n y este de Caucel, que facilitar\u00e1n la interconexi\u00f3n de varios modos de transporte, con prioridad en el uso del servicio p\u00fablico, transferencias para la gente y desarrollo de infraestructura, para peatones y ciclistas.<\/p>\n\n\n\n<p>Por otro lado, en el Gran Parque de la Plancha se encontrar\u00e1 otro, que ser\u00e1 el principal, con 5 bah\u00edas para ascenso o descenso, \u00e1rea de espera, locales comerciales, oficinas, Centro de Control y Monitoreo del Ie-tram, en el segundo piso, y estaci\u00f3n para este veh\u00edculo, con 16 cargadores y 3 pant\u00f3grafos.<\/p>\n\n\n\n<p>Mediante los Cetram se moderniza el transporte p\u00fablico, renueva la imagen urbana y aporta infraestructura de calidad a la ciudadan\u00eda, con lo que mejora la seguridad, accesibilidad y eficacia en los trasbordos que cada d\u00eda realizan las personas tanto dentro como fuera de la ciudad de M\u00e9rida.<\/p>\n","protected":false},"excerpt":{"rendered":"<p>M\u00c9RIDA, Yucat\u00e1n.- El Gobernador Mauricio Vila Dosal encabez\u00f3 el inicio de los trabajos de construcci\u00f3n del Centro de Transferencias Multimodal (CETRAM) Caucel, en el Anillo Perif\u00e9rico de M\u00e9rida, el cual<\/p>\n","protected":false},"author":2,"featured_media":110111,"comment_status":"open","ping_status":"open","sticky":false,"template":"","format":"standard","meta":{"jetpack_post_was_ever_published":false,"_jetpack_newsletter_access":"","_jetpack_dont_email_post_to_subs":false,"_jetpack_newsletter_tier_id":0,"_jetpack_memberships_contains_paywalled_content":false,"_jetpack_memberships_contains_paid_content":false,"footnotes":"","jetpack_publicize_message":"Este nuevo espacio permitir\u00e1 a los usuarios realizar transbordos m\u00e1s seguros, modernos, eficientes y accesibles, como parte de las mejoras para una mejor infraestructura de movilidad en Yucat\u00e1n.","jetpack_publicize_feature_enabled":true,"jetpack_social_post_already_shared":true,"jetpack_social_options":{"image_generator_settings":{"template":"highway","default_image_id":0,"font":"","enabled":false},"version":2}},"categories":[17],"tags":[],"class_list":["post-110109","post","type-post","status-publish","format-standard","has-post-thumbnail","hentry","category-politica-y-gobierno"],"jetpack_publicize_connections":[],"jetpack_featured_media_url":"https:\/\/formalprision.com\/wp-content\/uploads\/2023\/06\/WhatsApp-Image-2023-06-20-at-7.29.59-PM-1.jpeg","jetpack_sharing_enabled":true,"jetpack_shortlink":"https:\/\/wp.me\/p6id8p-sDX","_links":{"self":[{"href":"https:\/\/formalprision.com\/index.php?rest_route=\/wp\/v2\/posts\/110109","targetHints":{"allow":["GET"]}}],"collection":[{"href":"https:\/\/formalprision.com\/index.php?rest_route=\/wp\/v2\/posts"}],"about":[{"href":"https:\/\/formalprision.com\/index.php?rest_route=\/wp\/v2\/types\/post"}],"author":[{"embeddable":true,"href":"https:\/\/formalprision.com\/index.php?rest_route=\/wp\/v2\/users\/2"}],"replies":[{"embeddable":true,"href":"https:\/\/formalprision.com\/index.php?rest_route=%2Fwp%2Fv2%2Fcomments&post=110109"}],"version-history":[{"count":2,"href":"https:\/\/formalprision.com\/index.php?rest_route=\/wp\/v2\/posts\/110109\/revisions"}],"predecessor-version":[{"id":110121,"href":"https:\/\/formalprision.com\/index.php?rest_route=\/wp\/v2\/posts\/110109\/revisions\/110121"}],"wp:featuredmedia":[{"embeddable":true,"href":"https:\/\/formalprision.com\/index.php?rest_route=\/wp\/v2\/media\/110111"}],"wp:attachment":[{"href":"https:\/\/formalprision.com\/index.php?rest_route=%2Fwp%2Fv2%2Fmedia&parent=110109"}],"wp:term":[{"taxonomy":"category","embeddable":true,"href":"https:\/\/formalprision.com\/index.php?rest_route=%2Fwp%2Fv2%2Fcategories&post=110109"},{"taxonomy":"post_tag","embeddable":true,"href":"https:\/\/formalprision.com\/index.php?rest_route=%2Fwp%2Fv2%2Ftags&post=110109"}],"curies":[{"name":"wp","href":"https:\/\/api.w.org\/{rel}","templated":true}]}}