{"id":110112,"date":"2023-06-21T08:08:13","date_gmt":"2023-06-21T13:08:13","guid":{"rendered":"https:\/\/formalprision.com\/?p=110112"},"modified":"2023-06-21T10:31:59","modified_gmt":"2023-06-21T15:31:59","slug":"realizaran-en-tahmek-el-tercer-festival-del-globo-maya-el-19-y-20-de-agosto","status":"publish","type":"post","link":"https:\/\/formalprision.com\/?p=110112","title":{"rendered":"Realizar\u00e1n en Tahmek el Tercer Festival del Globo Maya, el 19 y 20 de agosto"},"content":{"rendered":"\n<p>M\u00c9RIDA, Yucat\u00e1n.- Los pr\u00f3ximos 19 y 20 de agosto, el municipio de Tahmek recibir\u00e1 a artesanos invitados de Brasil y Colombia que, junto con los de Ciudad y Estado de M\u00e9xico, Hidalgo, Michoac\u00e1n, Morelos, Veracruz y Yucat\u00e1n, har\u00e1n posible el Tercer Festival del Globo Maya, el cual permitir\u00e1 a las familias disfrutar la elevaci\u00f3n de estos objetos coloridos.<\/p>\n\n\n\n<p>En rueda de prensa, la titular de la Secretar\u00eda de la Cultura y las Artes (Sedeculta), Loreto Villanueva Trujillo, y la alcaldesa de ese municipio, Neyda Mar\u00eda Heredia Leal, informaron que el encuentro, que incluir\u00e1 un corredor gastron\u00f3mico y artesanal, es posible gracias al apoyo transversal entre gobiernos e instancias privadas.<\/p>\n\n\n\n<p>\u201cCada vez est\u00e1n consolidando m\u00e1s este Festival del Globo, todas esas innovaciones y creatividad vienen de los artesanos; lleven a las ni\u00f1as y a los ni\u00f1os, porque es un verdadero espect\u00e1culo y habr\u00e1 infinidad de dise\u00f1os coloridos, que son un manjar para la vista\u201d, asever\u00f3 la funcionaria.<\/p>\n\n\n\n<p>Asimismo, dijo que la seguridad est\u00e1 controlada y \u201ces parte de una tradici\u00f3n, presentarla a todos para propiciar la convivencia familiar. Quiero felicitar a los artesanos, tienen manos maravillosas, mucha creatividad y mucho talento; los ni\u00f1os de la Casa de la Cultura est\u00e1n llevando una disciplina, precisamente, en la elaboraci\u00f3n de globos, para preservarlo\u201d.<\/p>\n\n\n\n<p>Heredia Leal se\u00f1al\u00f3 que \u201ces la feria m\u00e1s importante para nosotros, para nuestro municipio, la feria en la que se hace globos monumentales de papel de china; mucha gente dice: \u2018\u00bfC\u00f3mo pueden elevar ese tipo de globos?\u2019, y es por el tama\u00f1o y las formas que les dan los artesanos, es trabajo de muchos meses, es un trabajo dif\u00edcil que hacen y vale la pena que los admiren\u201d.<\/p>\n\n\n\n<p>De acuerdo con la secretaria de la comuna, Minelia Sabido Iuit, la inauguraci\u00f3n ser\u00e1 el d\u00eda 19 a las 7 de la noche y el acceso, sin costo; indic\u00f3 que se espera la asistencia de 10 a 12 mil visitantes por d\u00eda y se elevar\u00e1 alrededor de 40 unidades para cada jornada.<\/p>\n\n\n\n<p>Por primera ocasi\u00f3n, precis\u00f3, \u201cse contar\u00e1 con una zona preferencial limitada a 500 personas, quienes podr\u00e1n adquirir un boleto en tusboletos.mx y tendr\u00e1n la oportunidad de tener un asiento, entrar al glob\u00f3dromo a tomarse fotos, convivir con los artesanos y a estar un poco m\u00e1s cerca\u201d.<\/p>\n\n\n\n<p>Agreg\u00f3 que se podr\u00e1 adquirir los pases a esta \u00e1rea, desde el 21 de junio a las 10:00 de la ma\u00f1ana, con un costo de 220, y comprar los espacios para el estacionamiento en la misma plataforma, a 40 pesos por veh\u00edculo, adem\u00e1s del cargo por servicio en ambos casos.<\/p>\n\n\n\n<p>\u201cEl Festival de 2023, ahora s\u00ed, viene completamente recargado; ser\u00e1 los d\u00edas 19 y 20 de agosto, y vamos a dar inicio a partir de las 6:00 de la tarde, en el campo deportivo de la colonia Libertad. Vamos a tener la participaci\u00f3n de 20 equipos de artesanos, de turmas, que son los equipos globeros\u201d, dijo.<\/p>\n\n\n\n<p>Se efectuar\u00e1, a manera de v\u00edspera, una exhibici\u00f3n, el viernes 18 a las 7:00 de la noche, en el centro de Tahmek; se titular\u00e1 De la tierra a cielo, y tiene como finalidad que las y los habitantes sientan suyo este acontecimiento, cuyo origen est\u00e1 en la festividades dedicadas al patrono del lugar, san Lorenzo.<\/p>\n\n\n\n<p>Finalmente, se expuso que estar\u00e1n disponibles las oportunidades de adquirir globos en peque\u00f1o formato, disfrutar la proyecci\u00f3n de un documental, recorrer una exposici\u00f3n fotogr\u00e1fica y concluir los festejos con una vaquer\u00eda.<\/p>\n","protected":false},"excerpt":{"rendered":"<p>M\u00c9RIDA, Yucat\u00e1n.- Los pr\u00f3ximos 19 y 20 de agosto, el municipio de Tahmek recibir\u00e1 a artesanos invitados de Brasil y Colombia que, junto con los de Ciudad y Estado de<\/p>\n","protected":false},"author":2,"featured_media":110114,"comment_status":"open","ping_status":"open","sticky":false,"template":"","format":"standard","meta":{"jetpack_post_was_ever_published":false,"_jetpack_newsletter_access":"","_jetpack_dont_email_post_to_subs":false,"_jetpack_newsletter_tier_id":0,"_jetpack_memberships_contains_paywalled_content":false,"_jetpack_memberships_contains_paid_content":false,"footnotes":"","jetpack_publicize_message":"En su tercera edici\u00f3n, el festival recibir\u00e1 a artesanos de Brasil, Colombia y M\u00e9xico.","jetpack_publicize_feature_enabled":true,"jetpack_social_post_already_shared":true,"jetpack_social_options":{"image_generator_settings":{"template":"highway","default_image_id":0,"font":"","enabled":false},"version":2}},"categories":[54],"tags":[],"class_list":["post-110112","post","type-post","status-publish","format-standard","has-post-thumbnail","hentry","category-yucatan"],"jetpack_publicize_connections":[],"jetpack_featured_media_url":"https:\/\/formalprision.com\/wp-content\/uploads\/2023\/06\/DSC_7898.jpg","jetpack_sharing_enabled":true,"jetpack_shortlink":"https:\/\/wp.me\/p6id8p-sE0","_links":{"self":[{"href":"https:\/\/formalprision.com\/index.php?rest_route=\/wp\/v2\/posts\/110112","targetHints":{"allow":["GET"]}}],"collection":[{"href":"https:\/\/formalprision.com\/index.php?rest_route=\/wp\/v2\/posts"}],"about":[{"href":"https:\/\/formalprision.com\/index.php?rest_route=\/wp\/v2\/types\/post"}],"author":[{"embeddable":true,"href":"https:\/\/formalprision.com\/index.php?rest_route=\/wp\/v2\/users\/2"}],"replies":[{"embeddable":true,"href":"https:\/\/formalprision.com\/index.php?rest_route=%2Fwp%2Fv2%2Fcomments&post=110112"}],"version-history":[{"count":1,"href":"https:\/\/formalprision.com\/index.php?rest_route=\/wp\/v2\/posts\/110112\/revisions"}],"predecessor-version":[{"id":110113,"href":"https:\/\/formalprision.com\/index.php?rest_route=\/wp\/v2\/posts\/110112\/revisions\/110113"}],"wp:featuredmedia":[{"embeddable":true,"href":"https:\/\/formalprision.com\/index.php?rest_route=\/wp\/v2\/media\/110114"}],"wp:attachment":[{"href":"https:\/\/formalprision.com\/index.php?rest_route=%2Fwp%2Fv2%2Fmedia&parent=110112"}],"wp:term":[{"taxonomy":"category","embeddable":true,"href":"https:\/\/formalprision.com\/index.php?rest_route=%2Fwp%2Fv2%2Fcategories&post=110112"},{"taxonomy":"post_tag","embeddable":true,"href":"https:\/\/formalprision.com\/index.php?rest_route=%2Fwp%2Fv2%2Ftags&post=110112"}],"curies":[{"name":"wp","href":"https:\/\/api.w.org\/{rel}","templated":true}]}}