{"id":110128,"date":"2023-06-21T17:32:33","date_gmt":"2023-06-21T22:32:33","guid":{"rendered":"https:\/\/formalprision.com\/?p=110128"},"modified":"2023-06-21T17:41:57","modified_gmt":"2023-06-21T22:41:57","slug":"firmas-yucatecas-ponen-en-alto-al-estado","status":"publish","type":"post","link":"https:\/\/formalprision.com\/?p=110128","title":{"rendered":"Firmas yucatecas ponen en alto al estado"},"content":{"rendered":"\n<p>M\u00e9rida, Yucat\u00e1n, 21 de junio de 2023.- Empresas yucatecas contin\u00faan poniendo en alto los nombres de Yucat\u00e1n y M\u00e9xico, as\u00ed como generando empleos para las familias locales, como Proalmex, que celebr\u00f3 el aniversario 50 de su marca Deliciosa, en acto que encabez\u00f3 el Gobernador Mauricio Vila Dosal.<\/p>\n\n\n\n<p>Acompa\u00f1ado del propietario y fundador de Productora de Alimentos Mexicanos (Proalmex), Abelardo de Jes\u00fas Casares Add, el gobernador devel\u00f3 la placa conmemorativa a las 5 d\u00e9cadas de dicha firma, que genera 560 puestos laborales en la entidad y tiene presencia en m\u00e1s de 10 pa\u00edses de 3 continentes.\u00a0<\/p>\n\n\n\n<p>Durante su mensaje, expres\u00f3 que es un gusto ver que una empresa 100% yucateca crece, se desarrolla y se vuelve exitosa a los niveles nacional y mundial, por lo que felicit\u00f3 a Deliciosa por poner en alto el nombre del territorio a esta escala.<\/p>\n\n\n\n<p>Coment\u00f3 que esta compa\u00f1\u00eda emplea a gente de municipios como Um\u00e1n, Tekax, Kanas\u00edn, Conkal y Baca, con lo que brinda oportunidades a gente del interior, sin alejarse de sus comunidades, lo que igual se suma a mejorar su calidad de vida.<\/p>\n\n\n\n<p>Asever\u00f3 que a pesar del gran momento que se vive en Yucat\u00e1n, es necesario seguir trabajando por la justicia social, para que la poblaci\u00f3n cuente con plazas que le permita ganar m\u00e1s.<\/p>\n\n\n\n<p>A su vez, Casares Add afirm\u00f3 que Proalmex est\u00e1 comprometida con Yucat\u00e1n, pues los que forman parte de ella aman lo que hacen, adem\u00e1s de que est\u00e1n dinamizando y rejuveneciendo a la marca, con entusiasmo, tecnolog\u00eda y digitalizaci\u00f3n.<\/p>\n\n\n\n<p>En este marco, el gobernador atestigu\u00f3 la entrega de un autom\u00f3vil a Viktor Kuk Chi, en agradecimiento y reconocimiento a su lealtad, compromiso y entrega, durante 30 a\u00f1os de servicio en ese corporativo.<\/p>\n","protected":false},"excerpt":{"rendered":"<p>M\u00e9rida, Yucat\u00e1n, 21 de junio de 2023.- Empresas yucatecas contin\u00faan poniendo en alto los nombres de Yucat\u00e1n y M\u00e9xico, as\u00ed como generando empleos para las familias locales, como Proalmex, que<\/p>\n","protected":false},"author":1,"featured_media":110129,"comment_status":"open","ping_status":"open","sticky":false,"template":"","format":"standard","meta":{"jetpack_post_was_ever_published":false,"_jetpack_newsletter_access":"","_jetpack_dont_email_post_to_subs":false,"_jetpack_newsletter_tier_id":0,"_jetpack_memberships_contains_paywalled_content":false,"_jetpack_memberships_contains_paid_content":false,"footnotes":"","jetpack_publicize_message":"","jetpack_publicize_feature_enabled":true,"jetpack_social_post_already_shared":true,"jetpack_social_options":{"image_generator_settings":{"template":"highway","default_image_id":0,"font":"","enabled":false},"version":2}},"categories":[17],"tags":[],"class_list":["post-110128","post","type-post","status-publish","format-standard","has-post-thumbnail","hentry","category-politica-y-gobierno"],"jetpack_publicize_connections":[],"jetpack_featured_media_url":"https:\/\/formalprision.com\/wp-content\/uploads\/2023\/06\/FB_IMG_1687385703023.jpg","jetpack_sharing_enabled":true,"jetpack_shortlink":"https:\/\/wp.me\/p6id8p-sEg","_links":{"self":[{"href":"https:\/\/formalprision.com\/index.php?rest_route=\/wp\/v2\/posts\/110128","targetHints":{"allow":["GET"]}}],"collection":[{"href":"https:\/\/formalprision.com\/index.php?rest_route=\/wp\/v2\/posts"}],"about":[{"href":"https:\/\/formalprision.com\/index.php?rest_route=\/wp\/v2\/types\/post"}],"author":[{"embeddable":true,"href":"https:\/\/formalprision.com\/index.php?rest_route=\/wp\/v2\/users\/1"}],"replies":[{"embeddable":true,"href":"https:\/\/formalprision.com\/index.php?rest_route=%2Fwp%2Fv2%2Fcomments&post=110128"}],"version-history":[{"count":2,"href":"https:\/\/formalprision.com\/index.php?rest_route=\/wp\/v2\/posts\/110128\/revisions"}],"predecessor-version":[{"id":110131,"href":"https:\/\/formalprision.com\/index.php?rest_route=\/wp\/v2\/posts\/110128\/revisions\/110131"}],"wp:featuredmedia":[{"embeddable":true,"href":"https:\/\/formalprision.com\/index.php?rest_route=\/wp\/v2\/media\/110129"}],"wp:attachment":[{"href":"https:\/\/formalprision.com\/index.php?rest_route=%2Fwp%2Fv2%2Fmedia&parent=110128"}],"wp:term":[{"taxonomy":"category","embeddable":true,"href":"https:\/\/formalprision.com\/index.php?rest_route=%2Fwp%2Fv2%2Fcategories&post=110128"},{"taxonomy":"post_tag","embeddable":true,"href":"https:\/\/formalprision.com\/index.php?rest_route=%2Fwp%2Fv2%2Ftags&post=110128"}],"curies":[{"name":"wp","href":"https:\/\/api.w.org\/{rel}","templated":true}]}}